{"id":1063,"date":"2024-10-21T12:34:52","date_gmt":"2024-10-21T15:34:52","guid":{"rendered":"https:\/\/cooltv.cl\/?p=1063"},"modified":"2024-10-21T12:34:52","modified_gmt":"2024-10-21T15:34:52","slug":"hospital-base-valdivia-dio-la-bienvenida-a-nuevos-medicos-especialistas","status":"publish","type":"post","link":"https:\/\/cooltv.cl\/?p=1063","title":{"rendered":"Hospital Base Valdivia dio la bienvenida a nuevos m\u00e9dicos especialistas"},"content":{"rendered":"<p><strong>Los profesionales se incorporaron a las \u00e1reas de Ginecolog\u00eda y Obstetricia, Medicina F\u00edsica y Rehabilitaci\u00f3n, Cardiolog\u00eda Adulto, Cirug\u00eda Vascular, Endocrinolog\u00eda, Radioterapia Oncol\u00f3gica, entre otras.<\/strong><\/p>\n<p>Esta semana, el Hospital Base Valdivia (HBV) dio la bienvenida a once m\u00e9dicos especialistas que durante un periodo de entre 6 y 8 a\u00f1os realizar\u00e1n su Periodo Asistencial Obligatorio (PAO), como parte de su formaci\u00f3n, en el establecimiento de salud, aportando en distintas \u00e1reas asistenciales.<\/p>\n<p>Se trata de cuatro especialistas becados; cuatro derivados en comisi\u00f3n de estudios desde otros servicios de salud; y tres especialistas que solicitaron su traslado desde otras regiones al HBV. Esto, a trav\u00e9s del Programa de Formaci\u00f3n de Especialistas M\u00e9dicos de Ministerio de Salud, con el objetivo de promover la formaci\u00f3n y distribuci\u00f3n territorial equitativa de m\u00e9dicos reci\u00e9n egresados de su carrera en el pa\u00eds.<\/p>\n<p>Los profesionales se sumaron a los equipos de Ginecolog\u00eda y Obstetricia, Medicina F\u00edsica y Rehabilitaci\u00f3n, Medicina Interna, Cardiolog\u00eda Adulto, Enfermedades Respiratorias del Adulto, Cirug\u00eda Vascular, Endocrinolog\u00eda, Radioterapia Oncol\u00f3gica y Traumatolog\u00eda.<\/p>\n<p><strong>Bienvenida<\/strong><\/p>\n<p>La reuni\u00f3n de bienvenida fue encabezada por el director del Hospital Base Valdivia, Erick Vargas, quien, junto a su equipo directivo, recibi\u00f3 a los m\u00e9dicos especialistas, valorando el aporte que vienen a entregar a la instituci\u00f3n y a la salud de la comunidad beneficiaria.<\/p>\n<p>En la instancia, el director se\u00f1al\u00f3 que \u201cla llegada de estos profesionales, sin duda fortalecer\u00e1 nuestras \u00e1reas asistenciales, ya que vienen a cumplir dos grandes objetivos; en primer lugar, integrarse a nuestros equipos y aumentar nuestra oferta sanitaria a la poblaci\u00f3n. Y, en segundo lugar, reforzar aquellas especialidades en donde hemos tenido profesionales que cumplieron con su periodo laboral y egresaron de la instituci\u00f3n\u201d.<\/p>\n<p>\u201cEn definitiva, es una excelente noticia para nuestros usuarios y tambi\u00e9n para nuestra instituci\u00f3n, ya que estos profesionales llegan a contribuir en el abordaje y el gran desaf\u00edo regional y nacional de la resoluci\u00f3n de listas de espera. Espero que su paso por nuestro hospital sea una grata experiencia en este proceso de formaci\u00f3n y un exitoso camino en su desarrollo profesional\u201d, agreg\u00f3 Vargas.<\/p>\n<p>Finalmente, el director precis\u00f3 que la llegada de m\u00e9dicos generales, especialistas y subespecialistas, refleja un esfuerzo que se est\u00e1 haciendo desde el Ministerio de Salud con las casas de estudios, y que tambi\u00e9n se realiza en la regi\u00f3n con las universidades locales, con el objetivo de potenciar la formaci\u00f3n de especialistas para que idealmente se queden en la regi\u00f3n<\/p>\n<p><strong>Especialistas<\/strong><\/p>\n<p>Mat\u00edas Hern\u00e1ndez, m\u00e9dico especialista que se suma al equipo de Medicina F\u00edsica y Rehabilitaci\u00f3n, realiz\u00f3 su pre y postgrado en la Universidad de Concepci\u00f3n. Tras su llegada al HBV se\u00f1al\u00f3 que \u201cestoy muy contento de llegar a este hospital porque es un establecimiento que est\u00e1 bastante sensibilizado en el \u00e1rea en que me especializo. Mi aporte va en la l\u00ednea de potenciar el \u00e1rea de rehabilitaci\u00f3n en la atenci\u00f3n cerrada y abierta, buscando siempre preservar o mejorar la funcionalidad de los pacientes, que requieren de alg\u00fan tratamiento para poder retornar a la comunidad de la mejor forma posible\u201d.<\/p>\n<p>Por su parte, Basti\u00e1n Araneda, m\u00e9dico especialista que se traslad\u00f3 desde el Servicio de Salud Iquique para sumarse al \u00e1rea de Radioterapia Oncol\u00f3gica del HBV, sostuvo que, \u201csi bien mi especialidad la realice en Santiago (FALP bajo la tutela de la Universidad de Los Andes), mi destino de devoluci\u00f3n del periodo asistencial obligatorio era en Iquique, lugar en el cual lamentablemente no hab\u00eda desarrollo de mi espacialidad. Afortunadamente se me dio la oportunidad de trasladarme al HBV, un centro de alta complejidad con una variada gama de t\u00e9cnicas de tratamiento en radioterapia y equipos de \u00faltima generaci\u00f3n, lo cual contribuir\u00e1 de excelente manera en mi proceso de formaci\u00f3n continua\u201d.<\/p>\n","protected":false},"excerpt":{"rendered":"<p>Los profesionales se incorporaron a las \u00e1reas de Ginecolog\u00eda y Obstetricia, Medicina F\u00edsica y Rehabilitaci\u00f3n, Cardiolog\u00eda Adulto, Cirug\u00eda Vascular, Endocrinolog\u00eda, Radioterapia Oncol\u00f3gica, entre otras. Esta semana, el Hospital Base Valdivia (HBV) dio la bienvenida a once m\u00e9dicos especialistas que durante un periodo de entre 6 y 8 a\u00f1os realizar\u00e1n su Periodo Asistencial Obligatorio (PAO), como&#8230;<\/p>\n","protected":false},"author":2,"featured_media":0,"comment_status":"open","ping_status":"closed","sticky":false,"template":"","format":"standard","meta":{"footnotes":""},"categories":[1],"tags":[],"class_list":["post-1063","post","type-post","status-publish","format-standard","hentry","category-uncategorized"],"jetpack_featured_media_url":"","_links":{"self":[{"href":"https:\/\/cooltv.cl\/index.php?rest_route=\/wp\/v2\/posts\/1063","targetHints":{"allow":["GET"]}}],"collection":[{"href":"https:\/\/cooltv.cl\/index.php?rest_route=\/wp\/v2\/posts"}],"about":[{"href":"https:\/\/cooltv.cl\/index.php?rest_route=\/wp\/v2\/types\/post"}],"author":[{"embeddable":true,"href":"https:\/\/cooltv.cl\/index.php?rest_route=\/wp\/v2\/users\/2"}],"replies":[{"embeddable":true,"href":"https:\/\/cooltv.cl\/index.php?rest_route=%2Fwp%2Fv2%2Fcomments&post=1063"}],"version-history":[{"count":1,"href":"https:\/\/cooltv.cl\/index.php?rest_route=\/wp\/v2\/posts\/1063\/revisions"}],"predecessor-version":[{"id":1065,"href":"https:\/\/cooltv.cl\/index.php?rest_route=\/wp\/v2\/posts\/1063\/revisions\/1065"}],"wp:attachment":[{"href":"https:\/\/cooltv.cl\/index.php?rest_route=%2Fwp%2Fv2%2Fmedia&parent=1063"}],"wp:term":[{"taxonomy":"category","embeddable":true,"href":"https:\/\/cooltv.cl\/index.php?rest_route=%2Fwp%2Fv2%2Fcategories&post=1063"},{"taxonomy":"post_tag","embeddable":true,"href":"https:\/\/cooltv.cl\/index.php?rest_route=%2Fwp%2Fv2%2Ftags&post=1063"}],"curies":[{"name":"wp","href":"https:\/\/api.w.org\/{rel}","templated":true}]}}