{"id":1121,"date":"2024-11-06T12:27:07","date_gmt":"2024-11-06T15:27:07","guid":{"rendered":"https:\/\/cooltv.cl\/?p=1121"},"modified":"2024-11-06T12:27:07","modified_gmt":"2024-11-06T15:27:07","slug":"autoridades-inician-la-semana-de-las-mipymes-y-cooperativas-2024","status":"publish","type":"post","link":"https:\/\/cooltv.cl\/?p=1121","title":{"rendered":"Autoridades inician la semana de las Mipymes y cooperativas 2024"},"content":{"rendered":"<p>La Semana de las MiPymes y Cooperativas es una iniciativa del Ministerio de Econom\u00eda, Fomento y<br \/>\nTurismo que se realiza desde el a\u00f1o 2012, cuyo principal objetivo es destacar la labor de las micro,<br \/>\npeque\u00f1as y medianas empresas y las cooperativas en la econom\u00eda nacional.<\/p>\n<p>Desde el 4 y hasta el 9 de noviembre se extender\u00e1n las actividades de la Semana de las MiPymes y<br \/>\nCooperativas en la regi\u00f3n de Los R\u00edos, las cuales contemplan diversos talleres, seminarios y una<br \/>\nferia de emprendimiento. Las actividades a nivel regional est\u00e1n organizadas por los distintos<br \/>\nservicios que integran la cartera de Econom\u00eda, abordando distintos enfoques y ejes relacionados<br \/>\ncon el plan de desarrollo sostenible que impulsa el gobierno del presidente Gabriel Boric Font.<br \/>\nAl respecto el Delegado Presidencial Jorge Alvial Pantoja destac\u00f3 \u201cestamos enfocados dentro de<br \/>\nlos ejes de trabajo principal, a la fuerte reactivaci\u00f3n econ\u00f3mica en distintos \u00e1mbitos, porque hay<br \/>\nun dato importante, en el sentido de se\u00f1alar que la mayor cantidad de empresas que se<br \/>\nconstituyen en el pa\u00eds, las conforman MiPymes y cooperativas. Cerca del 96% de las empresas<br \/>\ncorresponden a este tipo de organizaciones, y segundo, son las que generan m\u00e1s empleo,<br \/>\nsuperando el 50%.\u201d<br \/>\nLa autoridad enfatiz\u00f3 que \u201clos focos de trabajo del gobierno se enfocan en una pol\u00edtica de inter\u00e9s<br \/>\nnacional, donde tambi\u00e9n apunta a los objetivos principales de la generaci\u00f3n de m\u00e1s y mejor<br \/>\nempleo, y tambi\u00e9n el crecimiento econ\u00f3mico. En ese sentido, vamos a realizar una serie de<br \/>\nactividades, pero queremos se\u00f1alar que estas actividades apuntan a ese objetivo de integraci\u00f3n,<br \/>\ncoordinaci\u00f3n, socializaci\u00f3n, hacer alianzas, adquirir mejores competencias, desarrollar ejemplos<br \/>\nfundamentales para avanzar en la promoci\u00f3n de los trabajos de las Pymes y cooperativa, y un<br \/>\ntema muy importante y no menor, apuntar hacia la formalizaci\u00f3n, estrategias de competitividad,<br \/>\nmejor desarrollo, y finalmente hacer un trabajo colaborativo con todas estas.\u201d<br \/>\nSi bien entre los a\u00f1os 2012 y 2022 esta semana estaba focalizada s\u00f3lo para las MiPymes, desde el<br \/>\n2023 se suman por primera vez, y de manera oficial, a las cooperativas, reconociendo el relevante<br \/>\nrol que tienen en el desarrollo econ\u00f3mico desde una perspectiva social.<br \/>\nEste a\u00f1o el tema central es el crecimiento, visto como el aumento de ventas acompa\u00f1ado por<br \/>\nmejores capacidades de gesti\u00f3n empresarial; la generaci\u00f3n de procesos que permitan aumentar la<br \/>\nproductividad; as\u00ed como tambi\u00e9n la generaci\u00f3n de redes siendo relevante destacar la<br \/>\nformalizaci\u00f3n, la adopci\u00f3n tecnol\u00f3gica y el impulso que se ha dado desde el Ministerio a las<br \/>\npol\u00edticas p\u00fablicas con enfoque de g\u00e9nero y sostenibilidad.<br \/>\nLa seremi de Econom\u00eda, Fomento y Turismo, Alejandra V\u00e1squez Silva destac\u00f3 que las actividades<br \/>\nde este a\u00f1o est\u00e1n distribuidas por diversas comunas, indicando que \u201cesta es la semana m\u00e1s<br \/>\nimportante para nosotros desde el Ministerio de Econom\u00eda, y es donde concentramos muchas<br \/>\nactividades para nuestras MiPymes y cooperativas, y queremos que esto sea una fiesta, que sea un<br \/>\nespacio de conocimiento, un espacio de intercambio tambi\u00e9n. As\u00ed que hemos preparado<br \/>\nactividades en las distintas comunas de la regi\u00f3n, donde yo quiero destacar algunas bien<\/p>\n<p>importantes, porque partimos con la ceremonia inicial, donde contamos con la participaci\u00f3n de<br \/>\ndistintos ganadores de los programas que desarrollamos en el Ministerio a trav\u00e9s de los distintos<br \/>\nservicios, como es el caso del Sercotec, Fomento de los R\u00edos y Sernatur, y tambi\u00e9n con las<br \/>\nganadoras de algunos fondos que tenemos intersectoriales, como es el caso del Capital Abeja, que<br \/>\nes espec\u00edficamente para las mujeres. En los pr\u00f3ximos d\u00edas tendremos actividades en Panguipulli,<br \/>\nMariquina, Paillaco, La Uni\u00f3n, entre otros.\u201d<br \/>\nLa seremi destac\u00f3 tambi\u00e9n que \u201ceste 2024, la Feria de Emprendedores y Emprendedoras de<br \/>\nSemana de las MiPymes y Cooperativas, donde vamos a mostrar las distintas iniciativas que<br \/>\ntenemos con nuestros empresarios y empresarias, comenzar\u00e1 el viernes 8 de noviembre a las<br \/>\n15:00 horas en el Parque Saval, en paralelo con la Expo Primavera organizada con el municipio de<br \/>\nValdivia. De esta manera hemos articulado ambas iniciativas para ofrecer a la comunidad y<br \/>\nvisitantes un gran panorama de cierre de esta semana tan relevante.<br \/>\nRespecto a la generaci\u00f3n de redes, durante esta semana se promover\u00e1 el encuentro entre<br \/>\nemprendedores y emprendedoras, mediante actividades que fomenten el reconocimiento<br \/>\nconjunto desde la generaci\u00f3n de redes informales e incipientes, hasta la asociatividad mediante<br \/>\ngremios y cooperativas.<br \/>\nFinalmente, la seremi de Econom\u00eda, Fomento y Turismo se\u00f1al\u00f3 que, como todos los a\u00f1os, las<br \/>\nactividades se difunden por parte de cada servicio que las organiza y adem\u00e1s se encuentran<br \/>\npublicadas en la p\u00e1gina web www.semanadelapyme.cl<br \/>\nCERTIFICACIONES MARCAN LA JORNADA INAUGURAL<br \/>\nEn Los R\u00edos, la actividad de lanzamiento que cont\u00f3 con la participaci\u00f3n de diversas autoridades<br \/>\nregionales consider\u00f3 una entrega de certificaciones a emprendedores, emprendedoras y<br \/>\nempresas, que han obtenido financiamiento en los programas capital abeja emprende y el<br \/>\nprograma crece.<br \/>\nEn ese sentido, Cristian Dur\u00e1n, Director Regional de Sercotec, destac\u00f3 el trabajo territorial que se<br \/>\nhace se\u00f1alando \u201ccomo se mencion\u00f3 ac\u00e1, en el caso de la regi\u00f3n m\u00e1s del 95% de las empresas que<br \/>\nexisten en el Servicio de Impuestos Internos son de esta categor\u00eda, peque\u00f1as y medianas empresas<br \/>\ny cooperativas. Est\u00e1n presentes en todas las comunas de la regi\u00f3n y est\u00e1n en las localidades m\u00e1s<br \/>\naisladas. Como Sercotec y tambi\u00e9n ac\u00e1 todos los servicios de econom\u00eda, llegamos a toda la regi\u00f3n.<br \/>\nNosotros tenemos beneficia y beneficiarias de distintos concursos que nosotros operamos en<br \/>\nlugares muy aislados, en todas las comunas de la regi\u00f3n, en sectores rurales de Panguipulli, de<br \/>\nFutrono, en sectores de la provincia del Ranco tambi\u00e9n que est\u00e1n bastante aislados pero que<br \/>\nest\u00e1n desarrollando alguna actividad econ\u00f3mica.\u201d<br \/>\nCarvajal, fue enf\u00e1tico en resaltar que \u201cla funci\u00f3n que nosotros cumplimos como servicio<br \/>\ndependiente del Ministerio de Econom\u00eda es justamente dinamizar hasta el \u00faltimo rinc\u00f3n de los<br \/>\nterritorios, para que, de esa manera, las empresas de menor tama\u00f1o puedan jugar un rol<br \/>\nprotag\u00f3nico y poder seguir generando empleo, generando inversiones y obviamente ir generando<br \/>\ndinamizaci\u00f3n econ\u00f3mica, que es lo que estamos buscando a trav\u00e9s de inyectarle todos estos<\/p>\n<p>recursos, a trav\u00e9s de los programas que tenemos en Sercotec y tambi\u00e9n en toda la red de<br \/>\nFomento que est\u00e1 aqu\u00ed presente.\u201d<br \/>\nPor su parte el Director Ejecutivo de Fomento Los R\u00edos, Pablo D\u00edaz, destac\u00f3 que \u201cuna de las cosas<br \/>\nimportantes que vimos en este inicio de la Semana de las MiPymes y Cooperativas es que, como<br \/>\ndec\u00edan reci\u00e9n los colegas y la Seremi, nosotros somos una red de fomento productivo. Esta red no<br \/>\ntiene que ver solamente con los incentivos iniciales, sino que tiene que ver tambi\u00e9n con la asesor\u00eda<br \/>\nque damos desde los centros de negocio. La intenci\u00f3n que tenemos nosotros desde el gobierno<br \/>\nnacional y desde el gobierno regional, que nos toca a nosotros como Fomento de los R\u00edos<br \/>\nconjugar, es que las empresas, los emprendimientos, las empresarias y empresarios de la regi\u00f3n<br \/>\nsientan que tienen una red de apoyo potente, una red de apoyo que est\u00e1 en todo el ciclo de vida<br \/>\nde las empresas y que pueden contar con nosotros, no solamente en el inicio, sino que tambi\u00e9n en<br \/>\nla expansi\u00f3n y en el famoso escalamiento de toda la vida de las empresas.\u201d<br \/>\nAdem\u00e1s, en la ocasi\u00f3n se realiz\u00f3 entrega del Sello R de Sernatur, a empresas del sector turismo.<br \/>\nSobre esto la Directora Regional, Marila Barrientos declar\u00f3 que \u201cpara el Servicio Nacional de<br \/>\nTurismo es sumamente importante el poder apoyar a las empresas, a las MiPymes y a las<br \/>\ncooperativas a que logren llegar a este proceso de registro. Es la etapa final despu\u00e9s del trabajo<br \/>\nque hacen mis colegas en los distintos servicios, incentivando y financiando proyectos que<br \/>\nterminan en la formalizaci\u00f3n y posteriormente en el registro como prestadores de servicios<br \/>\ntur\u00edsticos oficiales. Por lo tanto, promovemos a que m\u00e1s MiPymes, emprendedores<br \/>\nemprendedoras, puedan ser parte de este proceso para que as\u00ed tambi\u00e9n cuenten con el respaldo<br \/>\nen materia de promoci\u00f3n desde el Servicio Nacional de Turismo.<\/p>\n","protected":false},"excerpt":{"rendered":"<p>La Semana de las MiPymes y Cooperativas es una iniciativa del Ministerio de Econom\u00eda, Fomento y Turismo que se realiza desde el a\u00f1o 2012, cuyo principal objetivo es destacar la labor de las micro, peque\u00f1as y medianas empresas y las cooperativas en la econom\u00eda nacional. Desde el 4 y hasta el 9 de noviembre se&#8230;<\/p>\n","protected":false},"author":2,"featured_media":1122,"comment_status":"open","ping_status":"closed","sticky":false,"template":"","format":"standard","meta":{"footnotes":""},"categories":[1],"tags":[],"class_list":["post-1121","post","type-post","status-publish","format-standard","has-post-thumbnail","hentry","category-uncategorized"],"jetpack_featured_media_url":"https:\/\/cooltv.cl\/wp-content\/uploads\/2024\/11\/2.jpg","_links":{"self":[{"href":"https:\/\/cooltv.cl\/index.php?rest_route=\/wp\/v2\/posts\/1121","targetHints":{"allow":["GET"]}}],"collection":[{"href":"https:\/\/cooltv.cl\/index.php?rest_route=\/wp\/v2\/posts"}],"about":[{"href":"https:\/\/cooltv.cl\/index.php?rest_route=\/wp\/v2\/types\/post"}],"author":[{"embeddable":true,"href":"https:\/\/cooltv.cl\/index.php?rest_route=\/wp\/v2\/users\/2"}],"replies":[{"embeddable":true,"href":"https:\/\/cooltv.cl\/index.php?rest_route=%2Fwp%2Fv2%2Fcomments&post=1121"}],"version-history":[{"count":1,"href":"https:\/\/cooltv.cl\/index.php?rest_route=\/wp\/v2\/posts\/1121\/revisions"}],"predecessor-version":[{"id":1123,"href":"https:\/\/cooltv.cl\/index.php?rest_route=\/wp\/v2\/posts\/1121\/revisions\/1123"}],"wp:featuredmedia":[{"embeddable":true,"href":"https:\/\/cooltv.cl\/index.php?rest_route=\/wp\/v2\/media\/1122"}],"wp:attachment":[{"href":"https:\/\/cooltv.cl\/index.php?rest_route=%2Fwp%2Fv2%2Fmedia&parent=1121"}],"wp:term":[{"taxonomy":"category","embeddable":true,"href":"https:\/\/cooltv.cl\/index.php?rest_route=%2Fwp%2Fv2%2Fcategories&post=1121"},{"taxonomy":"post_tag","embeddable":true,"href":"https:\/\/cooltv.cl\/index.php?rest_route=%2Fwp%2Fv2%2Ftags&post=1121"}],"curies":[{"name":"wp","href":"https:\/\/api.w.org\/{rel}","templated":true}]}}