{"id":1132,"date":"2024-11-08T12:19:10","date_gmt":"2024-11-08T15:19:10","guid":{"rendered":"https:\/\/cooltv.cl\/?p=1132"},"modified":"2024-11-08T12:19:10","modified_gmt":"2024-11-08T15:19:10","slug":"estudiantes-de-especialidad-agropecuaria-valoran-acceso-a-informacion-en-feria-vocacional","status":"publish","type":"post","link":"https:\/\/cooltv.cl\/?p=1132","title":{"rendered":"Estudiantes de especialidad agropecuaria valoran acceso a informaci\u00f3n en feria vocacional"},"content":{"rendered":"<p>Durante la iniciativa, enmarcada en una alianza p\u00fablico-privada, estudiantes de ense\u00f1anza<br \/>\nt\u00e9cnico-profesional de la provincia de Valdivia abordaron el cambio clim\u00e1tico y c\u00f3mo pueden<br \/>\ncontribuir a la construcci\u00f3n de una regi\u00f3n m\u00e1s sostenible.<\/p>\n<p>M\u00e1fil, 07 de noviembre 2024.- \u201cEs una oportunidad muy grande y me parece incre\u00edble que se den<br \/>\nestas situaciones para alumnos que reci\u00e9n se est\u00e1n formando\u201d, valor\u00f3 Paulo Parraguez, ex<br \/>\nestudiante del Liceo People Help People de Pullinque, comuna de Panguipulli. \u00c9l fue uno de los<br \/>\nj\u00f3venes que este jueves particip\u00f3 en la primera feria vocacional orientada a estudiantes y<br \/>\ndocentes de la especialidad agropecuaria de la educaci\u00f3n t\u00e9cnico profesional de la provincia de<br \/>\nValdivia, que fue encabezada por el Seremi de Agricultura de Los R\u00edos, Jorge S\u00e1nchez Slater.<br \/>\nLa actividad, que es fruto de la alianza entre esta Serem\u00eda, la ONG Canales y la Corporaci\u00f3n de<br \/>\nDesarrollo del Sur (CODESUR), permiti\u00f3 a los servicios del Ministerio de Agricultura e instituciones<br \/>\nparticipantes entregar a los j\u00f3venes informaci\u00f3n sobre cambio clim\u00e1tico y sus efectos en el agro<br \/>\nen la regi\u00f3n, para aportar al desarrollo de sus vocaciones, capacidades y conocimientos y as\u00ed<br \/>\nfortalecer su liderazgo como agentes de cambio, propiciar su adaptaci\u00f3n en este escenario y<br \/>\nreforzar su compromiso con un desarrollo regional sostenible.<br \/>\nLa feria interactiva realizada el Centro de Innovaci\u00f3n Colaborativa (CIC) Los R\u00edos, ubicado en la<br \/>\ncomuna de M\u00e1fil, incluy\u00f3 stands y charlas t\u00e9cnicas informativas sobre l\u00edneas de trabajo, programas<br \/>\nde integraci\u00f3n para j\u00f3venes, pasant\u00edas, oportunidades laborales, innovaci\u00f3n y tecnolog\u00eda de<br \/>\nCONAF, SAG, Inia Remehue, Indap, Infor, CNR, junto a la Mesa Regional de J\u00f3venes Rurales,<br \/>\nFacultad de Ciencias Agrarias de la UACh y las empresas CRAN Chile y Frutos La Aguada<br \/>\nJunto con recordar que el promedio de edad de la peque\u00f1a agricultura de Los R\u00edos es de 58 a\u00f1os,<br \/>\nel seremi se\u00f1al\u00f3 que si no se adopta una pol\u00edtica a mediano o largo plazo para retener a los<br \/>\nj\u00f3venes se ir\u00e1 complicando la situaci\u00f3n productiva, social y rural.<br \/>\nY enfatiz\u00f3 la importancia de que estos estudiantes tengan acceso a la informaci\u00f3n de los servicios<br \/>\ndel agro, para que vean c\u00f3mo se podr\u00e1n insertar en el trabajo p\u00fablico, pero tambi\u00e9n desarrollar<br \/>\nemprendimientos que permitan sustentar la agricultura.<br \/>\n\u201cPor eso es relevante el trabajo que estamos haciendo hoy d\u00eda con la ONG Canales, con la<br \/>\nCorporaci\u00f3n de Desarrollo del Sur y con las empresas privadas que est\u00e1n presentes, y ojal\u00e1 poder<br \/>\nsumar muchos m\u00e1s actores para tener una pol\u00edtica p\u00fablico-privada que permita impactar<br \/>\npositivamente en la docencia t\u00e9cnica de los liceos que est\u00e1n en nuestra regi\u00f3n\u201d, subray\u00f3 Jorge<br \/>\nS\u00e1nchez.<br \/>\nVocaci\u00f3n agropecuaria<br \/>\nGloria Cariman, directora regional ONG Canales Los R\u00edos, destac\u00f3 que los alumnos podr\u00e1n<br \/>\ncompartir con sus familias y comunidad informaci\u00f3n sobre programas, beneficios e instancias de<\/p>\n<p>participaci\u00f3n del Ministerio de Agricultura, que son claves para el desarrollo de las personas y la<br \/>\nvida en el campo.<br \/>\n\u201cSe concreta un valioso trabajo intersectorial en la regi\u00f3n, articulado y coordinado desde la<br \/>\ncolaboraci\u00f3n p\u00fablico-privada, con un prop\u00f3sito com\u00fan que es contribuir a las trayectorias<br \/>\nformativas, vocacionales y laborales de las y los estudiantes de la educaci\u00f3n media t\u00e9cnico<br \/>\nprofesional, favoreciendo en estos espacios el acceso a informaci\u00f3n de servicios y programas que<br \/>\njuegan un rol fundamental en el territorio para la agricultura familiar y tambi\u00e9n para el sector<br \/>\nagropecuario\u201d, recalc\u00f3 la representante de ONG Canales.<br \/>\nLorena Schaff, gerente de la Corporaci\u00f3n de Desarrollo del Sur, que tiene como socios a<br \/>\nimportantes gremios del agro de las regiones de Los R\u00edos y Los Lagos, valor\u00f3 que los alumnos que<br \/>\nestudian la especialidad de agropecuaria pudieron conocer en profundidad los servicios p\u00fablicos<br \/>\nque trabajan bajo el alero de la Serem\u00eda de Agricultura.<br \/>\n\u201cCreemos que todos ellos son muy relevantes en el ecosistema silvoagropecuario, ya que el rol<br \/>\nque ellos cumplen es preponderante en la pol\u00edtica p\u00fablica que hoy d\u00eda se est\u00e1 liderando, para<br \/>\nllevar adelante este \u00e1mbito productivo tan relevante en la regi\u00f3n de Los R\u00edos, como lo es la<br \/>\nagricultura\u201d, recalc\u00f3 la gerente.<br \/>\nJuventud empoderada<br \/>\nPaola Salazar, encargada de Red y Vinculaci\u00f3n del Centro de Innovaci\u00f3n Colaborativa de Los R\u00edos,<br \/>\nexpres\u00f3 que esta iniciativa est\u00e1 en l\u00ednea con el objetivo del CIC, ejecutado por el Gobierno<br \/>\nRegional de Los R\u00edos y Fundaci\u00f3n para la Innovaci\u00f3n Agraria (FIA) a trav\u00e9s de la Universidad<br \/>\nAustral, en orden a \u201cpotenciar todo lo que tiene que ver tanto con j\u00f3venes de educaci\u00f3n t\u00e9cnico<br \/>\nprofesional como j\u00f3venes tambi\u00e9n de 18 a 40 a\u00f1os\u201d.<br \/>\n\u201cEsta hermosa iniciativa nos da cuenta de que tenemos una juventud muy empoderada, muy<br \/>\ninteresada sobre todo en seguir potenciando lo que son las actividades del agro. Cuando se dice<br \/>\nque a los j\u00f3venes no les interesa, nosotros vemos ac\u00e1 que la realidad es muy distinta.<br \/>\nEfectivamente les interesa, les interesa quedarse en el campo, les interesa aprender nuevas<br \/>\nformas de poder relacionarse tambi\u00e9n a trav\u00e9s del negocio del agro\u201d, enfatiz\u00f3 Salazar.<\/p>\n","protected":false},"excerpt":{"rendered":"<p>Durante la iniciativa, enmarcada en una alianza p\u00fablico-privada, estudiantes de ense\u00f1anza t\u00e9cnico-profesional de la provincia de Valdivia abordaron el cambio clim\u00e1tico y c\u00f3mo pueden contribuir a la construcci\u00f3n de una regi\u00f3n m\u00e1s sostenible. M\u00e1fil, 07 de noviembre 2024.- \u201cEs una oportunidad muy grande y me parece incre\u00edble que se den estas situaciones para alumnos que&#8230;<\/p>\n","protected":false},"author":2,"featured_media":1133,"comment_status":"open","ping_status":"closed","sticky":false,"template":"","format":"standard","meta":{"footnotes":""},"categories":[1],"tags":[],"class_list":["post-1132","post","type-post","status-publish","format-standard","has-post-thumbnail","hentry","category-uncategorized"],"jetpack_featured_media_url":"https:\/\/cooltv.cl\/wp-content\/uploads\/2024\/11\/Feria-vocacional-ETP-inicio-de-jornada.jpeg","_links":{"self":[{"href":"https:\/\/cooltv.cl\/index.php?rest_route=\/wp\/v2\/posts\/1132","targetHints":{"allow":["GET"]}}],"collection":[{"href":"https:\/\/cooltv.cl\/index.php?rest_route=\/wp\/v2\/posts"}],"about":[{"href":"https:\/\/cooltv.cl\/index.php?rest_route=\/wp\/v2\/types\/post"}],"author":[{"embeddable":true,"href":"https:\/\/cooltv.cl\/index.php?rest_route=\/wp\/v2\/users\/2"}],"replies":[{"embeddable":true,"href":"https:\/\/cooltv.cl\/index.php?rest_route=%2Fwp%2Fv2%2Fcomments&post=1132"}],"version-history":[{"count":1,"href":"https:\/\/cooltv.cl\/index.php?rest_route=\/wp\/v2\/posts\/1132\/revisions"}],"predecessor-version":[{"id":1134,"href":"https:\/\/cooltv.cl\/index.php?rest_route=\/wp\/v2\/posts\/1132\/revisions\/1134"}],"wp:featuredmedia":[{"embeddable":true,"href":"https:\/\/cooltv.cl\/index.php?rest_route=\/wp\/v2\/media\/1133"}],"wp:attachment":[{"href":"https:\/\/cooltv.cl\/index.php?rest_route=%2Fwp%2Fv2%2Fmedia&parent=1132"}],"wp:term":[{"taxonomy":"category","embeddable":true,"href":"https:\/\/cooltv.cl\/index.php?rest_route=%2Fwp%2Fv2%2Fcategories&post=1132"},{"taxonomy":"post_tag","embeddable":true,"href":"https:\/\/cooltv.cl\/index.php?rest_route=%2Fwp%2Fv2%2Ftags&post=1132"}],"curies":[{"name":"wp","href":"https:\/\/api.w.org\/{rel}","templated":true}]}}