{"id":1141,"date":"2024-11-08T12:24:20","date_gmt":"2024-11-08T15:24:20","guid":{"rendered":"https:\/\/cooltv.cl\/?p=1141"},"modified":"2024-11-08T12:24:20","modified_gmt":"2024-11-08T15:24:20","slug":"con-cajas-auxiliares-del-banco-de-chile-visitas-guiadas-y-entretenidas-actividades-teleton-invita-a-sumarse-a-la-campana-este-8-y-9-de-noviembre","status":"publish","type":"post","link":"https:\/\/cooltv.cl\/?p=1141","title":{"rendered":"Con cajas auxiliares del Banco de Chile, visitas guiadas y entretenidas actividades: Telet\u00f3n invita a sumarse a la  Campa\u00f1a este 8 y 9 de noviembre"},"content":{"rendered":"<p>Con m\u00faltiples eventos en cada instituto regional, Telet\u00f3n busca animar a<br \/>\ntodo el pa\u00eds a participar en esta cruzada, cuya recaudaci\u00f3n permitir\u00e1<br \/>\nseguir brindando tratamiento de rehabilitaci\u00f3n a m\u00e1s de 32 mil ni\u00f1as,<br \/>\nni\u00f1os y j\u00f3venes en situaci\u00f3n de discapacidad.<br \/>\nEste viernes 8 y s\u00e1bado 9 de noviembre, los institutos Telet\u00f3n desde Arica hasta Ays\u00e9n<br \/>\nabrir\u00e1n sus puertas y realizar\u00e1n actividades especiales para involucrar a las<br \/>\ncomunidades locales en la cruzada solidaria nacional que se transmitir\u00e1 desde el Teatro<br \/>\nTelet\u00f3n y la Quinta Vergara.<br \/>\nLa Telet\u00f3n es una fiesta en la cual todo Chile se une en solidaridad, no solo a trav\u00e9s del<br \/>\nprograma de televisi\u00f3n, la cobertura en la radio y otros medios de comunicaci\u00f3n, sino<br \/>\nque tambi\u00e9n a trav\u00e9s de actividades en todo el pa\u00eds. La apertura de los institutos es un<br \/>\nhito clave, ya que permite que las personas vean de cerca la realidad de la discapacidad<br \/>\ny el esfuerzo que realiza cada familia que conf\u00eda en Telet\u00f3n.<br \/>\n\u201cEs de tremenda relevancia que se den espacios de activaci\u00f3n en las regiones y en la<br \/>\ncomunidad, para que la gente visite los institutos y se involucre en nuestro modelo de<br \/>\natenci\u00f3n\u201d, expres\u00f3 el doctor Bruno Camaggi, director m\u00e9dico nacional de Telet\u00f3n.<br \/>\n\u201cCreemos fielmente que la rehabilitaci\u00f3n es fundamental para lograr inclusi\u00f3n,<br \/>\nautovalencia y participaci\u00f3n social, lo que solo ocurre cuando comprendemos que una<br \/>\npersona en situaci\u00f3n de discapacidad es, ante todo, una persona en el sentido m\u00e1s<br \/>\namplio de la palabra. Por eso, el compromiso de la familia y la comunidad es crucial<br \/>\npara llevar a cabo estos procesos de rehabilitaci\u00f3n, inclusi\u00f3n y participaci\u00f3n social\u201d,<br \/>\na\u00f1adi\u00f3.<br \/>\nDurante la jornada, cada instituto Telet\u00f3n ofrecer\u00e1 actividades para toda la familia,<br \/>\ncomo espect\u00e1culos, actividades deportivas, talleres y visitas guiadas. Adem\u00e1s, se<br \/>\ncompartir\u00e1n historias de pacientes y sus familias, quienes, a trav\u00e9s de su experiencia,<br \/>\nhan sido testigos de la importancia de la rehabilitaci\u00f3n. Estas activaciones buscan no<br \/>\nsolo recaudar fondos, sino tambi\u00e9n sensibilizar a la poblaci\u00f3n sobre la relevancia de<br \/>\nesta obra y motivar su apoyo.<br \/>\nTelet\u00f3n de Valdivia abrir\u00e1 sus puertas el 9 de noviembre con una jornada llena de<br \/>\nactividades para toda la familia y espacios para hacer aportes a esta noble causa. A lo<\/p>\n<p>largo del d\u00eda, los visitantes podr\u00e1n realizar su donaci\u00f3n en la caja auxiliar del Banco de<br \/>\nChile, adem\u00e1s de conocer el Instituto a trav\u00e9s de visitas guiadas. Los ni\u00f1os, ni\u00f1as y<br \/>\nj\u00f3venes podr\u00e1n disfrutar de juegos y una zona gamer, mientras que los adultos<br \/>\nencontrar\u00e1n diversas opciones en el patio de comidas y asados, adem\u00e1s de poder<br \/>\nparticipar en la &amp;quot;Tatuat\u00f3n&amp;quot; y en rifas especiales.<br \/>\nLa jornada tambi\u00e9n contar\u00e1 con una &amp;quot;Masajet\u00f3n&amp;quot; y un show en vivo con artistas locales,<br \/>\nque aportar\u00e1n m\u00fasica y animaci\u00f3n al evento. Este programa de actividades invita a la<br \/>\ncomunidad a compartir y sumarse a la Telet\u00f3n en un ambiente de alegr\u00eda y<br \/>\ncompromiso, con opciones para todas las edades y sorpresas que har\u00e1n de esta<br \/>\nexperiencia un d\u00eda memorable para quienes se acerquen al Instituto Telet\u00f3n de Valdivia.<br \/>\nEste a\u00f1o, la meta es superar los $38.044.459.976 recaudados en la Telet\u00f3n 2023, con<br \/>\nel objetivo de continuar apoyando a los m\u00e1s de 32 mil usuarios que reciben atenci\u00f3n en<br \/>\nlos institutos. Pr\u00f3ximamente, adem\u00e1s, Telet\u00f3n abrir\u00e1 nuevos institutos en las regiones<br \/>\nde O\u2019Higgins y \u00d1uble, permitiendo a m\u00e1s personas acceder a tratamientos cerca de sus<br \/>\nhogares.<br \/>\nHist\u00f3ricamente, el 70% de la recaudaci\u00f3n de la Telet\u00f3n proviene de aportes<br \/>\nindividuales, mientras que el 30% restante es gracias al apoyo de empresas. Gracias<br \/>\na estas contribuciones, en 2023 Telet\u00f3n pudo atender a 32.233 personas en sus 14<br \/>\ncentros de rehabilitaci\u00f3n, realizar 1.495 cirug\u00edas, y entregar y reparar m\u00e1s de 35.000<br \/>\n\u00f3rtesis y pr\u00f3tesis.<br \/>\nPara facilitar las donaciones, el Banco de Chile contar\u00e1 con m\u00faltiples canales de<br \/>\nrecaudaci\u00f3n presenciales y digitales. Adem\u00e1s de los puntos presenciales en los<br \/>\ninstitutos, estar\u00e1 disponible la opci\u00f3n de donar a trav\u00e9s de plataformas online, donde<br \/>\nse habilitar\u00e1 un bot\u00f3n digital de donaci\u00f3n y un C\u00f3digo QR que estar\u00e1 presente en la<br \/>\ntransmisi\u00f3n televisiva. Estas opciones permiten a los donantes contribuir desde<br \/>\ncualquier lugar, dentro y fuera de Chile.<\/p>\n","protected":false},"excerpt":{"rendered":"<p>Con m\u00faltiples eventos en cada instituto regional, Telet\u00f3n busca animar a todo el pa\u00eds a participar en esta cruzada, cuya recaudaci\u00f3n permitir\u00e1 seguir brindando tratamiento de rehabilitaci\u00f3n a m\u00e1s de 32 mil ni\u00f1as, ni\u00f1os y j\u00f3venes en situaci\u00f3n de discapacidad. Este viernes 8 y s\u00e1bado 9 de noviembre, los institutos Telet\u00f3n desde Arica hasta Ays\u00e9n&#8230;<\/p>\n","protected":false},"author":2,"featured_media":1142,"comment_status":"open","ping_status":"closed","sticky":false,"template":"","format":"standard","meta":{"footnotes":""},"categories":[1],"tags":[],"class_list":["post-1141","post","type-post","status-publish","format-standard","has-post-thumbnail","hentry","category-uncategorized"],"jetpack_featured_media_url":"https:\/\/cooltv.cl\/wp-content\/uploads\/2024\/11\/WhatsApp-Image-2024-11-07-at-12.44.13-PM-2.jpeg","_links":{"self":[{"href":"https:\/\/cooltv.cl\/index.php?rest_route=\/wp\/v2\/posts\/1141","targetHints":{"allow":["GET"]}}],"collection":[{"href":"https:\/\/cooltv.cl\/index.php?rest_route=\/wp\/v2\/posts"}],"about":[{"href":"https:\/\/cooltv.cl\/index.php?rest_route=\/wp\/v2\/types\/post"}],"author":[{"embeddable":true,"href":"https:\/\/cooltv.cl\/index.php?rest_route=\/wp\/v2\/users\/2"}],"replies":[{"embeddable":true,"href":"https:\/\/cooltv.cl\/index.php?rest_route=%2Fwp%2Fv2%2Fcomments&post=1141"}],"version-history":[{"count":1,"href":"https:\/\/cooltv.cl\/index.php?rest_route=\/wp\/v2\/posts\/1141\/revisions"}],"predecessor-version":[{"id":1143,"href":"https:\/\/cooltv.cl\/index.php?rest_route=\/wp\/v2\/posts\/1141\/revisions\/1143"}],"wp:featuredmedia":[{"embeddable":true,"href":"https:\/\/cooltv.cl\/index.php?rest_route=\/wp\/v2\/media\/1142"}],"wp:attachment":[{"href":"https:\/\/cooltv.cl\/index.php?rest_route=%2Fwp%2Fv2%2Fmedia&parent=1141"}],"wp:term":[{"taxonomy":"category","embeddable":true,"href":"https:\/\/cooltv.cl\/index.php?rest_route=%2Fwp%2Fv2%2Fcategories&post=1141"},{"taxonomy":"post_tag","embeddable":true,"href":"https:\/\/cooltv.cl\/index.php?rest_route=%2Fwp%2Fv2%2Ftags&post=1141"}],"curies":[{"name":"wp","href":"https:\/\/api.w.org\/{rel}","templated":true}]}}