{"id":1441,"date":"2025-01-17T12:21:55","date_gmt":"2025-01-17T15:21:55","guid":{"rendered":"https:\/\/cooltv.cl\/?p=1441"},"modified":"2025-01-17T12:21:55","modified_gmt":"2025-01-17T15:21:55","slug":"expo-mundo-rural-los-rios-2025-se-toma-valdivia-del-24-al-26-de-enero","status":"publish","type":"post","link":"https:\/\/cooltv.cl\/?p=1441","title":{"rendered":"Expo Mundo Rural Los R\u00edos 2025 se toma Valdivia del 24 al 26 de enero"},"content":{"rendered":"<div><i>En el Parque Saval\u00a0de la capital regional se realizar\u00e1 la feria m\u00e1s importante para la Agricultura Familiar Campesina, que durante su \u00faltima versi\u00f3n reuni\u00f3 a m\u00e1s de 35 mil personas.<\/i><\/div>\n<div>El lanzamiento oficial de la Expo Mundo Rural Los R\u00edos 2025 se llev\u00f3 a cabo en el Parque Saval, espec\u00edficamente en el Parque de las Esculturas junto a la Laguna de los Lotos, y cont\u00f3 con la participaci\u00f3n de autoridades regionales como el gobernador, el seremi de Agricultura, el seremi de Econom\u00eda, y la directora regional de INDAP, adem\u00e1s de autoridades locales del municipio y funcionarios de las \u00e1reas de todas las comunas de la regi\u00f3n.<\/div>\n<div>Entre el viernes 24 y el domingo 26 de enero se realizar\u00e1 en el Parque Saval de Valdivia una nueva versi\u00f3n de la Expo Mundo Rural Los R\u00edos de INDAP, que busca generar una vitrina comercial que permita a los productores campesinos potenciar sus negocios. La iniciativa cuenta con el apoyo del municipio local y participar\u00e1n m\u00e1s de 100 emprendimientos que llegar\u00e1n con lo mejor del campo a la capital regional.<\/div>\n<div>El programa considera la presentaci\u00f3n de diversos artistas folcl\u00f3ricos y populares para amenizar cada jornada. La cocina en vivo tambi\u00e9n forma parte importante de esta fiesta de la Agricultura Familiar Campesina e Ind\u00edgena, de la mano del destacado chef Miguel \u201cSerrucho\u201d Valenzuela, quien elaborar\u00e1 platos de manera l\u00fadica y educativa con exclusivos productos de la expo.<\/div>\n<div>Quienes se acerquen a la Expo Mundo Rural se encontrar\u00e1n con m\u00e1s de un centenar de puestos de venta de hortalizas y frutas reci\u00e9n cosechadas, agroprocesados, frutos secos, miel, artesan\u00eda, quesos, vinos, cosm\u00e9tica, cerveza artesanal, embutidos, plantas y m\u00e1s. La directora regional de INDAP, Alejandra Bartsch, detall\u00f3 que \u201cel 90% de los expositores son de aqu\u00ed de la regi\u00f3n, pero tambi\u00e9n somos generosos e invitamos a agricultores y agricultoras de otras partes, principalmente productos con los que no contamos en la Regi\u00f3n de Los R\u00edos, como es el caso de aquellos provenientes de Isla de Pascua\u201d.<\/div>\n<div>La directora de INDAP Los R\u00edos precis\u00f3 que con esta expo \u201cqueremos mostrar la importancia que tiene el mundo rural en la regi\u00f3n y destacar el compromiso que como Gobierno e INDAP tenemos con el campo y la actividad silvoagropecuaria, y con los campesinos y campesinas, que son el motor de desarrollo en el territorio. \u00c9sta es una vitrina que permite que los agricultores puedan presentar productos de primera calidad en la capital regional\u201d.<\/div>\n<div>Por su parte, el seremi de Agricultura, Jorge S\u00e1nchez, destac\u00f3 el lanzamiento de Expo Los R\u00edos, afirmando, \u201cnuestro compromiso es estar con los campesinos y campesinas, y hacer esta expo es parte de eso, para entregarles herramientas con las cuales ellos se puedan desarrollar y tener una mejor calidad de vida. Para muchos agricultores de INDAP, este tipo de instancias es la venta m\u00e1s grande del a\u00f1o y es una entrada importante de dinero durante todo el a\u00f1o\u201d.<\/div>\n<div>El mundo campesino fue representado por Glenda Lobera, presidenta de la Mesa Regional de la Mujer Rural de INDAP, quien explic\u00f3, \u201cpara los peque\u00f1os agricultores este es un tremendo desaf\u00edo, y creemos que el \u00e9xito va a depender de todos los que est\u00e1n involucrados. Mucho trabajo, dedicaci\u00f3n y compromiso nos llevar\u00e1 al \u00e9xito, y espero que todos los agricultores est\u00e9n presentes en estos d\u00edas\u201d.<\/div>\n<div>Sumado a los productos que se comercializar\u00e1n, como mermeladas, manjares, encurtidos, quesos, artesan\u00edas en madera y lana, cervezas artesanales, jugos naturales, plantas, flores, vinos y licores, los asistentes siempre encontrar\u00e1n m\u00fasica o shows en vivo para amenizar la jornada y entretener a toda la familia.<\/div>\n<div>La feria estar\u00e1 abierta entre las 10:00 y las 22:00 horas\u00a0en el centro de ferias Parque Saval de la Isla Teja. La entrada es liberada al galp\u00f3n y a las actividades, y solo se paga un acceso al parque de $500 por persona, no incluye adultos mayores.<\/div>\n<div><\/div>\n<div>A continuaci\u00f3n, la programaci\u00f3n diaria:<\/div>\n<div>Viernes 24 de enero<\/div>\n<ul>\n<li><img decoding=\"async\" class=\"an1\" draggable=\"false\" src=\"https:\/\/fonts.gstatic.com\/s\/e\/notoemoji\/16.0\/2705\/32.png\" alt=\"\u2705\" data-emoji=\"\u2705\" aria-label=\"\u2705\" \/>\u00a0Ballet Folcl\u00f3rico \u201cKultraf\u00fan\u201d.<\/li>\n<li><img decoding=\"async\" class=\"an1\" draggable=\"false\" src=\"https:\/\/fonts.gstatic.com\/s\/e\/notoemoji\/16.0\/2705\/32.png\" alt=\"\u2705\" data-emoji=\"\u2705\" aria-label=\"\u2705\" \/>\u00a0Conjunto Folcl\u00f3rico \u201cSurcamares\u201d.<\/li>\n<li><img decoding=\"async\" class=\"an1\" draggable=\"false\" src=\"https:\/\/fonts.gstatic.com\/s\/e\/notoemoji\/16.0\/2705\/32.png\" alt=\"\u2705\" data-emoji=\"\u2705\" aria-label=\"\u2705\" \/>\u00a0Chef Miguel Valenzuela \u201cSerrucho\u201d. Cocina en Vivo.<\/li>\n<li><img decoding=\"async\" class=\"an1\" draggable=\"false\" src=\"https:\/\/fonts.gstatic.com\/s\/e\/notoemoji\/16.0\/2705\/32.png\" alt=\"\u2705\" data-emoji=\"\u2705\" aria-label=\"\u2705\" \/>\u00a0Grupo musical \u201cBordemar\u201d.<\/li>\n<li><img decoding=\"async\" class=\"an1\" draggable=\"false\" src=\"https:\/\/fonts.gstatic.com\/s\/e\/notoemoji\/16.0\/2705\/32.png\" alt=\"\u2705\" data-emoji=\"\u2705\" aria-label=\"\u2705\" \/> \u201cBanda San Miguel\u201d, tributo a los Prisioneros.<\/li>\n<\/ul>\n<div><b>S\u00e1bado 25 de enero<\/b><\/div>\n<ul>\n<li><img decoding=\"async\" class=\"an1\" draggable=\"false\" src=\"https:\/\/fonts.gstatic.com\/s\/e\/notoemoji\/16.0\/2705\/32.png\" alt=\"\u2705\" data-emoji=\"\u2705\" aria-label=\"\u2705\" \/>\u00a0Ballet Folcl\u00f3rico Municipal de Lago Ranco.<\/li>\n<li><img decoding=\"async\" class=\"an1\" draggable=\"false\" src=\"https:\/\/fonts.gstatic.com\/s\/e\/notoemoji\/16.0\/2705\/32.png\" alt=\"\u2705\" data-emoji=\"\u2705\" aria-label=\"\u2705\" \/>\u00a0Chef Miguel Valenzuela \u201cSerrucho\u201d. Cocina en Vivo.<\/li>\n<li><img decoding=\"async\" class=\"an1\" draggable=\"false\" src=\"https:\/\/fonts.gstatic.com\/s\/e\/notoemoji\/16.0\/2705\/32.png\" alt=\"\u2705\" data-emoji=\"\u2705\" aria-label=\"\u2705\" \/>\u00a0Conjunto Folcl\u00f3rico \u201cAlerzal de Los R\u00edos\u201d.<\/li>\n<li><img decoding=\"async\" class=\"an1\" draggable=\"false\" src=\"https:\/\/fonts.gstatic.com\/s\/e\/notoemoji\/16.0\/2705\/32.png\" alt=\"\u2705\" data-emoji=\"\u2705\" aria-label=\"\u2705\" \/>\u00a0Tributo a Karin Le\u00f3n.<\/li>\n<li><img decoding=\"async\" class=\"an1\" draggable=\"false\" src=\"https:\/\/fonts.gstatic.com\/s\/e\/notoemoji\/16.0\/2705\/32.png\" alt=\"\u2705\" data-emoji=\"\u2705\" aria-label=\"\u2705\" \/>\u00a0Los Pincheiras del Sur de Jhonn Rosales.<\/li>\n<\/ul>\n<div><b>Domingo 26 de enero<\/b><\/div>\n<ul>\n<li><img decoding=\"async\" class=\"an1\" draggable=\"false\" src=\"https:\/\/fonts.gstatic.com\/s\/e\/notoemoji\/16.0\/2705\/32.png\" alt=\"\u2705\" data-emoji=\"\u2705\" aria-label=\"\u2705\" \/>\u00a0Conjunto Folcl\u00f3rico \u201cParceleros de Colun\u201d.<\/li>\n<li><img decoding=\"async\" class=\"an1\" draggable=\"false\" src=\"https:\/\/fonts.gstatic.com\/s\/e\/notoemoji\/16.0\/2705\/32.png\" alt=\"\u2705\" data-emoji=\"\u2705\" aria-label=\"\u2705\" \/>\u00a0Ballet folcl\u00f3rico Padre de las Casas.<\/li>\n<li><img decoding=\"async\" class=\"an1\" draggable=\"false\" src=\"https:\/\/fonts.gstatic.com\/s\/e\/notoemoji\/16.0\/2705\/32.png\" alt=\"\u2705\" data-emoji=\"\u2705\" aria-label=\"\u2705\" \/>\u00a0Chef Miguel Valenzuela \u201cSerrucho\u201d. Cocina en Vivo.<\/li>\n<li><img decoding=\"async\" class=\"an1\" draggable=\"false\" src=\"https:\/\/fonts.gstatic.com\/s\/e\/notoemoji\/16.0\/2705\/32.png\" alt=\"\u2705\" data-emoji=\"\u2705\" aria-label=\"\u2705\" \/>\u00a0Tributo a Plim Plim.<\/li>\n<li><img decoding=\"async\" class=\"an1\" draggable=\"false\" src=\"https:\/\/fonts.gstatic.com\/s\/e\/notoemoji\/16.0\/2705\/32.png\" alt=\"\u2705\" data-emoji=\"\u2705\" aria-label=\"\u2705\" \/>\u00a0Reina Isabel.<\/li>\n<\/ul>\n","protected":false},"excerpt":{"rendered":"<p>En el Parque Saval\u00a0de la capital regional se realizar\u00e1 la feria m\u00e1s importante para la Agricultura Familiar Campesina, que durante su \u00faltima versi\u00f3n reuni\u00f3 a m\u00e1s de 35 mil personas. El lanzamiento oficial de la Expo Mundo Rural Los R\u00edos 2025 se llev\u00f3 a cabo en el Parque Saval, espec\u00edficamente en el Parque de las&#8230;<\/p>\n","protected":false},"author":2,"featured_media":1442,"comment_status":"open","ping_status":"closed","sticky":false,"template":"","format":"standard","meta":{"footnotes":""},"categories":[1],"tags":[],"class_list":["post-1441","post","type-post","status-publish","format-standard","has-post-thumbnail","hentry","category-uncategorized"],"jetpack_featured_media_url":"https:\/\/cooltv.cl\/wp-content\/uploads\/2025\/01\/WhatsApp-Image-2025-01-16-at-12.59.34-PM-2.jpeg","_links":{"self":[{"href":"https:\/\/cooltv.cl\/index.php?rest_route=\/wp\/v2\/posts\/1441","targetHints":{"allow":["GET"]}}],"collection":[{"href":"https:\/\/cooltv.cl\/index.php?rest_route=\/wp\/v2\/posts"}],"about":[{"href":"https:\/\/cooltv.cl\/index.php?rest_route=\/wp\/v2\/types\/post"}],"author":[{"embeddable":true,"href":"https:\/\/cooltv.cl\/index.php?rest_route=\/wp\/v2\/users\/2"}],"replies":[{"embeddable":true,"href":"https:\/\/cooltv.cl\/index.php?rest_route=%2Fwp%2Fv2%2Fcomments&post=1441"}],"version-history":[{"count":1,"href":"https:\/\/cooltv.cl\/index.php?rest_route=\/wp\/v2\/posts\/1441\/revisions"}],"predecessor-version":[{"id":1443,"href":"https:\/\/cooltv.cl\/index.php?rest_route=\/wp\/v2\/posts\/1441\/revisions\/1443"}],"wp:featuredmedia":[{"embeddable":true,"href":"https:\/\/cooltv.cl\/index.php?rest_route=\/wp\/v2\/media\/1442"}],"wp:attachment":[{"href":"https:\/\/cooltv.cl\/index.php?rest_route=%2Fwp%2Fv2%2Fmedia&parent=1441"}],"wp:term":[{"taxonomy":"category","embeddable":true,"href":"https:\/\/cooltv.cl\/index.php?rest_route=%2Fwp%2Fv2%2Fcategories&post=1441"},{"taxonomy":"post_tag","embeddable":true,"href":"https:\/\/cooltv.cl\/index.php?rest_route=%2Fwp%2Fv2%2Ftags&post=1441"}],"curies":[{"name":"wp","href":"https:\/\/api.w.org\/{rel}","templated":true}]}}