{"id":1512,"date":"2025-01-30T12:24:56","date_gmt":"2025-01-30T15:24:56","guid":{"rendered":"https:\/\/cooltv.cl\/?p=1512"},"modified":"2025-01-30T12:24:56","modified_gmt":"2025-01-30T15:24:56","slug":"autoridades-destacaron-impacto-positivo-que-tendra-la-implementacion-del-nuevo-ministerio-de-seguridad-publica-para-el-combate-contra-la-delincuencia","status":"publish","type":"post","link":"https:\/\/cooltv.cl\/?p=1512","title":{"rendered":"Autoridades destacaron impacto positivo que tendr\u00e1 la implementaci\u00f3n del nuevo Ministerio de Seguridad P\u00fablica para el combate contra la delincuencia"},"content":{"rendered":"<p><i><span style=\"font-weight: 400;\">Autoridades valoraron nueva instituci\u00f3n que permitir\u00e1 fortalecer la seguridad, la democracia y al Estado.\u00a0<\/span><\/i><\/p>\n<p><span style=\"font-weight: 400;\">En el marco de la reciente promulgaci\u00f3n de la ley que crea el Ministerio de Seguridad P\u00fablica, autoridades de Los R\u00edos, encabezadas por el Delegado Presidencial Jorge Alvial, dieron cuenta del rol crucial que tendr\u00e1 esta instituci\u00f3n en el combate del delito.<\/span><\/p>\n<p><span style=\"font-weight: 400;\">En la instancia, participaron adem\u00e1s, el jefe de zona de Carabineros, general Patricio Fauens; el jefe regional (s) de PDI, prefecto Eugenio Herrera; el delegado presidencial provincial del Ranco, Alejandro Reyes; y el coordinador regional de Seguridad P\u00fablica, Cristian Winter, entregando detalles de los alcances del nuevo Ministerio, que ser\u00e1 el encargado de colaborar con el Presidente de la Rep\u00fablica en materias relativas al resguardo, mantenci\u00f3n y promoci\u00f3n de la seguridad y orden p\u00fablico, la prevenci\u00f3n del delito y la protecci\u00f3n de las personas en materias de seguridad.<\/span><\/p>\n<p><span style=\"font-weight: 400;\">Al respecto, el Delegado Presidencial Jorge Alvial, precis\u00f3 que \u201cEste Ministerio de Seguridad viene a fortalecer la democracia, la org\u00e1nica, la institucionalidad y en definitiva, apunta a desarrollar un estado m\u00e1s fuerte\u201d.<\/span><\/p>\n<p><span style=\"font-weight: 400;\">Agreg\u00f3 \u201cNos encontramos por tanto, desde el d\u00eda de la promulgaci\u00f3n de la ley, ya en el proceso de implementaci\u00f3n, el cual cuenta con un calendario acotado y con expectativas de ser implementado en un plazo aproximado de cuatro meses. Por tanto, lo que se pretende hacer con esta ley es generar un trabajo que apunte a lo que est\u00e1 demandando hoy d\u00eda la ciudadan\u00eda y enfrentar con fuerza con un estado robusto el crimen y la violencia. En ese sentido, este ministerio adem\u00e1s de las autoridades nacionales, se debe nombrar seremi en cada regi\u00f3n. Dentro de las caracter\u00edsticas este Ministerio, es que va a tener dos subsecretar\u00edas: la Subsecretar\u00eda de Seguridad P\u00fablica y la Subsecretar\u00eda de Prevenci\u00f3n del Delito. Y por tanto comienza un proceso de traspaso de alguna manera de algunas acciones desde el Ministerio del Interior\u201d.<\/span><\/p>\n<p><span style=\"font-weight: 400;\">Alvial destac\u00f3 adem\u00e1s que \u201cEl Ministerio del Interior, toma un rol tambi\u00e9n m\u00e1s robusto en t\u00e9rminos de coordinaci\u00f3n pol\u00edtica y en ese sentido toma lo que fue originalmente el Ministerio del Interior que es la coordinaci\u00f3n global del gabinete, adem\u00e1s del traspaso de algunas funciones que llevaba la Secretar\u00eda General de la Presidencial, que tiene que ver m\u00e1s bien con la divisi\u00f3n intersectorial, seguimiento de proyectos estrat\u00e9gicos, a su vez tambi\u00e9n lo que hizo relaci\u00f3n con la reconstrucci\u00f3n y las emergencias\u201d dijo el Delegado Presidencial.\u00a0<\/span><\/p>\n<p><span style=\"font-weight: 400;\">El jefe de zona de Carabineros, general Patricio Faunes, destac\u00f3 que como instituci\u00f3n est\u00e1n a disposici\u00f3n de trabajar bajo esta nueva institucionalidad, sosteniendo que \u201cEl Estado, ha promulgado la creaci\u00f3n del Ministerio de Seguridad P\u00fablica, que en el fondo viene a dinamizar, y a poner un punto de inflexi\u00f3n importante, lo que es la demanda ciudadana de la seguridad p\u00fablica en el pa\u00eds. Y esto, principalmente, de la mano de las instituciones relevantes que est\u00e1n a cargo de la seguridad p\u00fablica, lo que va a permitir, evidentemente es, dar respuestas m\u00e1s prontas, a las necesidades que la ciudadan\u00eda requiere, puesto que vamos a contar con un ministerio con dedicaci\u00f3n exclusiva a este tipo de acciones\u201d dijo Faunes.<\/span><\/p>\n<p><span style=\"font-weight: 400;\">Jefe regional (s) de PDI, prefecto Eugenio Herrera,\u00a0 dijo que la Polic\u00eda de Investigaciones de Chile ve con total compromiso este nuevo Ministerio de Seguridad P\u00fablica, afirmando que \u201cPonemos a disposici\u00f3n la expert\u00edz de cada detective de manera territorial. En la regi\u00f3n de Los R\u00edos, reforzaremos el trabajo que ya se est\u00e1 realizando en materia de pol\u00edtica de seguridad p\u00fablica y a la vez trabajaremos en torno a una gesti\u00f3n integrada. Creemos que es fundamental el trabajo en equipo, la cooperaci\u00f3n interinstitucional y nos avocaremos para reforzar esa materia como detectives y en cada una de sus especialidades\u201d finaliz\u00f3 el prefecto.<\/span><\/p>\n<p>&nbsp;<\/p>\n","protected":false},"excerpt":{"rendered":"<p>Autoridades valoraron nueva instituci\u00f3n que permitir\u00e1 fortalecer la seguridad, la democracia y al Estado.\u00a0 En el marco de la reciente promulgaci\u00f3n de la ley que crea el Ministerio de Seguridad P\u00fablica, autoridades de Los R\u00edos, encabezadas por el Delegado Presidencial Jorge Alvial, dieron cuenta del rol crucial que tendr\u00e1 esta instituci\u00f3n en el combate del&#8230;<\/p>\n","protected":false},"author":2,"featured_media":1513,"comment_status":"open","ping_status":"closed","sticky":false,"template":"","format":"standard","meta":{"footnotes":""},"categories":[1],"tags":[],"class_list":["post-1512","post","type-post","status-publish","format-standard","has-post-thumbnail","hentry","category-uncategorized"],"jetpack_featured_media_url":"https:\/\/cooltv.cl\/wp-content\/uploads\/2025\/01\/NUEVO-MINISTERIO-scaled.jpeg","_links":{"self":[{"href":"https:\/\/cooltv.cl\/index.php?rest_route=\/wp\/v2\/posts\/1512","targetHints":{"allow":["GET"]}}],"collection":[{"href":"https:\/\/cooltv.cl\/index.php?rest_route=\/wp\/v2\/posts"}],"about":[{"href":"https:\/\/cooltv.cl\/index.php?rest_route=\/wp\/v2\/types\/post"}],"author":[{"embeddable":true,"href":"https:\/\/cooltv.cl\/index.php?rest_route=\/wp\/v2\/users\/2"}],"replies":[{"embeddable":true,"href":"https:\/\/cooltv.cl\/index.php?rest_route=%2Fwp%2Fv2%2Fcomments&post=1512"}],"version-history":[{"count":1,"href":"https:\/\/cooltv.cl\/index.php?rest_route=\/wp\/v2\/posts\/1512\/revisions"}],"predecessor-version":[{"id":1514,"href":"https:\/\/cooltv.cl\/index.php?rest_route=\/wp\/v2\/posts\/1512\/revisions\/1514"}],"wp:featuredmedia":[{"embeddable":true,"href":"https:\/\/cooltv.cl\/index.php?rest_route=\/wp\/v2\/media\/1513"}],"wp:attachment":[{"href":"https:\/\/cooltv.cl\/index.php?rest_route=%2Fwp%2Fv2%2Fmedia&parent=1512"}],"wp:term":[{"taxonomy":"category","embeddable":true,"href":"https:\/\/cooltv.cl\/index.php?rest_route=%2Fwp%2Fv2%2Fcategories&post=1512"},{"taxonomy":"post_tag","embeddable":true,"href":"https:\/\/cooltv.cl\/index.php?rest_route=%2Fwp%2Fv2%2Ftags&post=1512"}],"curies":[{"name":"wp","href":"https:\/\/api.w.org\/{rel}","templated":true}]}}