{"id":154,"date":"2024-05-29T20:14:05","date_gmt":"2024-05-29T23:14:05","guid":{"rendered":"https:\/\/cooltv.cl\/?p=154"},"modified":"2024-05-29T20:14:05","modified_gmt":"2024-05-29T23:14:05","slug":"presentan-libro-sobre-familias-recolectoras-de-algas-de-los-rios","status":"publish","type":"post","link":"https:\/\/cooltv.cl\/?p=154","title":{"rendered":"Presentan libro sobre familias recolectoras de algas de Los R\u00edos"},"content":{"rendered":"<p>Proyecto financiado por el Ministerio de las Culturas Las Artes y el Patrimonio,<br \/>\ndestaca historias de vida, emprendimientos y la cocina patrimonial vinculadas a<br \/>\neste oficio tradicional.<br \/>\n\u201cFamilias recolectoras de algas de la regi\u00f3n de Los R\u00edos: conversaciones<br \/>\ncon gente de mar\u201d, es el nombre del libro escrito por los Alumni de periodismo de<br \/>\nla Universidad Austral de Chile (UACh) Paola Segovia Tamayo, Carmengloria<br \/>\nBenavides C\u00e1ceres y Claudio Vald\u00e9s Ag\u00fcero.<br \/>\nEl texto, que destaca historias de vida y emprendimientos vinculados al turismo<br \/>\ngastron\u00f3mico de la Regi\u00f3n de Los R\u00edos, fue uno de los productos del proyecto<br \/>\ndenominado \u201cPatrimonio agroalimentario: pasado, presente y futuro de las<br \/>\nFamilias Recolectoras de Algas de la regi\u00f3n de Los R\u00edos\u201d, iniciativa que<br \/>\nfinanciada por el Fondart Regional Convocatoria 2022 del Ministerio de las<br \/>\nCulturas, las Artes y el Patrimonio.<br \/>\nEs as\u00ed que en la Casa Luis Oyarz\u00fan de la UACh, el viernes 24 de mayo, se<br \/>\nefectu\u00f3 la presentaci\u00f3n del libro editado en 200 ejemplares y de c\u00e1psulas<br \/>\naudiovisuales realizadas en el marco del proyecto, donde particip\u00f3 el seremi de las<br \/>\nCulturas, las Artes y el Patrimonio, Oscar Mendoza; el seremi de Miner\u00eda, Patricio<br \/>\nTenorio; el Director de la Escuela de Graduados de la Facultad de Filosof\u00eda y<br \/>\nHumanidades de la UACh, Fabi\u00e1n Almonacid, quien present\u00f3 y prolog\u00f3 esta<br \/>\npublicaci\u00f3n de ediciones Avutarda. Asimismo, asistieron productores (as),<br \/>\nacad\u00e9micos, profesionales y p\u00fablico en general.<br \/>\n&amp;quot;Este es un trabajo muy interesante, producto de la investigaci\u00f3n de un equipo de<br \/>\nperiodistas que han puesto en valor y relevado el oficio de las comunidades<br \/>\ncosteras asociadas a la recolecci\u00f3n de algas en la costa regi\u00f3n de Los R\u00edos,<br \/>\ndestacando adem\u00e1s la gastronom\u00eda que se genera alrededor de la utilizaci\u00f3n de<br \/>\nlas algas marinas&amp;quot;, destac\u00f3 el seremi de las Culturas.<br \/>\nEs as\u00ed que uno de los objetivos del trabajo realizado fue poner en valor las<br \/>\ntradiciones de las y los actuales recolectores (as) de algas de Los R\u00edos a trav\u00e9s de<br \/>\nsus relatos, como insumo para la promoci\u00f3n del turismo cultural-gastron\u00f3mico en<br \/>\nlas comunas de Corral, Mariquina y Valdivia. \u201cEn este contexto, se inici\u00f3 en el<br \/>\n2022 la etapa de entrevistas a mujeres y hombres vinculados a este oficio que se<br \/>\ntransmite de generaci\u00f3n en generaci\u00f3n\u201d, se\u00f1al\u00f3 Paola Segovia Tamayo, Jefa de<br \/>\nPrensa y Medios de la Universidad Austral de Chile y coordinadora del proyecto.<br \/>\n\u201cEs importante indicar, que los recolectores (as) de oficio de la regi\u00f3n de Los R\u00edos<br \/>\nposeen una vinculaci\u00f3n cultural con la actividad por historia familiar, a trav\u00e9s, de<br \/>\nvarias generaciones, siendo el consumo de algas parte de su dieta y como aporte<br \/>\necon\u00f3mico que se complementa con otras actividades en la mayor\u00eda de los<br \/>\ncasos\u201d, destac\u00f3 Claudio Vald\u00e9s, Director de la Escuela de Periodismo de la UACh.<\/p>\n<p>Por su parte Carmengloria Benavides indic\u00f3 que \u201ccon esta iniciativa se busca<br \/>\nponer en valor los testimonios en cuanto al oficio, tradiciones, costumbres y<br \/>\nperspectivas respecto a la recolecci\u00f3n de las algas en esta zona, es decir, se<br \/>\napela a recuperar las memorias de las personas que ejercen este trabajo<br \/>\naportando a la construcci\u00f3n de una memoria colectiva\u201d.<br \/>\nEl equipo de trabajo del proyecto lo integr\u00f3 tambi\u00e9n, adem\u00e1s de los autores del<br \/>\nlibro, el profesor Ricardo N\u00fa\u00f1ez como especialista en participaci\u00f3n comunitaria de<br \/>\nla iniciativa y quien actualmente se desempe\u00f1a como Encargado de Extensi\u00f3n en<br \/>\nla Asociaci\u00f3n Patrimonial Cultural del Teatro Regional Cervantes.<br \/>\nEs importante destacar que la postulaci\u00f3n de este proyecto fue apoyada por la<br \/>\nFundaci\u00f3n Cocina Mar, FIPASUR, sindicato de Recolectoras Algueras de Los<br \/>\nMolinos y Red Diarios Sur.<br \/>\nDe igual modo, relevar el apoyo del Proyecto Alumni UACh en el desarrollo de la<br \/>\nactividad de presentaci\u00f3n del libro.<\/p>\n<p>Sobre el libro y c\u00e1psulas audiovisuales<br \/>\nEl proyecto se desarroll\u00f3 en Los R\u00edos en las comunas las Corral, Mariquina y<br \/>\nValdivia, oportunidad en la que se convers\u00f3 con integrantes con sindicatos y<br \/>\norganizaciones vinculadas a este oficio tradicional. El trabajo integr\u00f3 entrevistas,<br \/>\ngrabaci\u00f3n de c\u00e1psulas audiovisuales y un registro fotogr\u00e1fico que permitieron<br \/>\nobtener las historias que est\u00e1n contenidas en el libro disponible en formato f\u00edsico y<br \/>\ndigital.<br \/>\nLos libros ser\u00e1n distribuidos a las bibliotecas p\u00fablicas de la regi\u00f3n de Los R\u00edos,<br \/>\npara que queden accesibles para la comunidad, igualmente la publicaci\u00f3n quedar\u00e1<br \/>\ndisponible de manera digital.<br \/>\nPara conocer los detalles del proyecto pueden visitar sus redes sociales:<br \/>\nFacebook @familiasalgueraslosrios e Instagram @familias_algueras_losrios.<br \/>\nDescargar Libro<br \/>\nCanal YouTube:\u00a0Familias Algueras de Los R\u00edos<\/p>\n","protected":false},"excerpt":{"rendered":"<p>Proyecto financiado por el Ministerio de las Culturas Las Artes y el Patrimonio, destaca historias de vida, emprendimientos y la cocina patrimonial vinculadas a este oficio tradicional. \u201cFamilias recolectoras de algas de la regi\u00f3n de Los R\u00edos: conversaciones con gente de mar\u201d, es el nombre del libro escrito por los Alumni de periodismo de la&#8230;<\/p>\n","protected":false},"author":2,"featured_media":155,"comment_status":"open","ping_status":"closed","sticky":false,"template":"","format":"standard","meta":{"footnotes":""},"categories":[1],"tags":[],"class_list":["post-154","post","type-post","status-publish","format-standard","has-post-thumbnail","hentry","category-uncategorized"],"jetpack_featured_media_url":"https:\/\/cooltv.cl\/wp-content\/uploads\/2024\/05\/Lanzamiento-libro-Paola-Segovia-Casa-Luis-Oyarzu\u0301n-UACh--scaled.jpg","_links":{"self":[{"href":"https:\/\/cooltv.cl\/index.php?rest_route=\/wp\/v2\/posts\/154","targetHints":{"allow":["GET"]}}],"collection":[{"href":"https:\/\/cooltv.cl\/index.php?rest_route=\/wp\/v2\/posts"}],"about":[{"href":"https:\/\/cooltv.cl\/index.php?rest_route=\/wp\/v2\/types\/post"}],"author":[{"embeddable":true,"href":"https:\/\/cooltv.cl\/index.php?rest_route=\/wp\/v2\/users\/2"}],"replies":[{"embeddable":true,"href":"https:\/\/cooltv.cl\/index.php?rest_route=%2Fwp%2Fv2%2Fcomments&post=154"}],"version-history":[{"count":1,"href":"https:\/\/cooltv.cl\/index.php?rest_route=\/wp\/v2\/posts\/154\/revisions"}],"predecessor-version":[{"id":156,"href":"https:\/\/cooltv.cl\/index.php?rest_route=\/wp\/v2\/posts\/154\/revisions\/156"}],"wp:featuredmedia":[{"embeddable":true,"href":"https:\/\/cooltv.cl\/index.php?rest_route=\/wp\/v2\/media\/155"}],"wp:attachment":[{"href":"https:\/\/cooltv.cl\/index.php?rest_route=%2Fwp%2Fv2%2Fmedia&parent=154"}],"wp:term":[{"taxonomy":"category","embeddable":true,"href":"https:\/\/cooltv.cl\/index.php?rest_route=%2Fwp%2Fv2%2Fcategories&post=154"},{"taxonomy":"post_tag","embeddable":true,"href":"https:\/\/cooltv.cl\/index.php?rest_route=%2Fwp%2Fv2%2Ftags&post=154"}],"curies":[{"name":"wp","href":"https:\/\/api.w.org\/{rel}","templated":true}]}}