{"id":1858,"date":"2025-04-08T13:32:04","date_gmt":"2025-04-08T16:32:04","guid":{"rendered":"https:\/\/cooltv.cl\/?p=1858"},"modified":"2025-04-08T13:32:04","modified_gmt":"2025-04-08T16:32:04","slug":"instituto-de-seguridad-laboral-informa-a-trabajadores-a-honorarios-sobre-sus-derechos-durante-el-proceso-de-operacion-renta","status":"publish","type":"post","link":"https:\/\/cooltv.cl\/?p=1858","title":{"rendered":"Instituto de Seguridad Laboral informa a trabajadores a honorarios sobre sus derechos durante el proceso de Operaci\u00f3n Renta"},"content":{"rendered":"<p>En el marco del proceso de Operaci\u00f3n Renta que lleva a cabo el Servicio de Impuestos Internos, \u00a0las autoridades regionales invitan a la comunidad a realizar este tr\u00e1mite en el Liceo Bicentenario Instituto Comercial de Valdivia, donde adem\u00e1s de haber stands con alumnos que pueden orientar a las personas sobre la declaraci\u00f3n de impuestos, el \u00a0Instituto de Seguridad Laboral se encuentra informando a trabajadores y trabajadoras independientes las prestaciones a las que tienen derecho por estar cotizando de acuerdo a lo establecido por la ley 21.133.<\/p>\n<p>El horario de atenci\u00f3n es de lunes a viernes desde las 09:00 a 13:30 horas, y el Instituto de Seguridad Laboral atender\u00e1 hasta el 8 de abril, los requerimientos de las personas que necesitan alguna orientaci\u00f3n del servicio.<\/p>\n<p>Cada a\u00f1o las personas que trabajan a honorarios deben realizar la Operaci\u00f3n Renta. Durante este proceso, el Servicio de Impuestos Internos (SII) realiza las retenciones para el pago de cotizaciones obligatorias, las cuales les permiten acceder a los reg\u00edmenes de Protecci\u00f3n Social.<\/p>\n<p>La ley que Modifica las Normas para la Incorporaci\u00f3n de los Trabajadores Independientes a los Reg\u00edmenes de Protecci\u00f3n Social (21.133) que integra la obligatoriedad de cotizar a las y los trabajadores a honorarios a los Sistemas de Protecci\u00f3n Social y reciben el derecho a la cobertura de:<\/p>\n<p>&#8211;\u00a0\u00a0\u00a0\u00a0\u00a0\u00a0\u00a0\u00a0\u00a0 El Seguro Social contra Riesgos de Accidentes del Trabajo y Enfermedades Profesionales.<\/p>\n<p>&#8211;\u00a0\u00a0\u00a0\u00a0\u00a0\u00a0\u00a0\u00a0\u00a0 Cobertura en Salud (Fonasa &#8211; Isapre).<\/p>\n<p>&#8211;\u00a0\u00a0\u00a0\u00a0\u00a0\u00a0\u00a0\u00a0\u00a0 Pensiones de invalidez, sobrevivencia y vejez, adem\u00e1s de cuota mortuoria.<\/p>\n<p>&#8211;\u00a0\u00a0\u00a0\u00a0\u00a0\u00a0\u00a0\u00a0\u00a0 Acceso al Seguro Social para el Acompa\u00f1amiento de Ni\u00f1os y Ni\u00f1as (Ley SANNA).<\/p>\n<p>&#8211;\u00a0\u00a0\u00a0\u00a0\u00a0\u00a0\u00a0\u00a0\u00a0 Asignaciones Familiares por cargas.<\/p>\n<p>&nbsp;<\/p>\n<p>El seremi del Trabajo y Previsi\u00f3n Social, Rodrigo Leiva, indic\u00f3 respecto a esta iniciativa que \u201ces importante la articulaci\u00f3n de los servicios p\u00fablicos con los estudiantes de este establecimiento, no tan s\u00f3lo desde la perspectiva de la operaci\u00f3n renta, sino que tambi\u00e9n otras prestaciones como las que viene a entregar el Instituto de Seguridad Laboral para las personas a honorarios que declaran su renta y obtienen cobertura para el Seguro de Accidentes, salud, entre otros servicios.<\/p>\n<p>En tanto, la directora regional del Instituto de Seguridad Laboral, Milena Barr\u00eda, indic\u00f3 que \u201ca trav\u00e9s de una coordinaci\u00f3n entre el Instituto Comercial, el Servicio de Impuestos Internos, el Slep de Valdivia y nuestra instituci\u00f3n, tenemos la oportunidad de contar con este espacio donde estamos informando a los trabajadores independientes a honorarios a las prestaciones que tienen por estar cotizando el Seguro de Accidentes\u201d.<\/p>\n<p>Por su parte, el director regional del Servicio de Impuestos Internos, Hugo Brito, agreg\u00f3 que \u201cel proceso de Operaci\u00f3n Renta es muy bien llevado en el Instituto Comercial, pues capacitamos a los alumnos para una atenci\u00f3n en la vida real, pues estos conocimientos los est\u00e1n aplicando con las personas que vienen a realizar su tr\u00e1mite\u201d.<\/p>\n<p>Adri\u00e1n Viveros, profesional de apoyo de mejora continua del Servicio Local de Educaci\u00f3n P\u00fablica y coordinador de Educaci\u00f3n Media T\u00e9cnico Profesional, expres\u00f3 que \u201cen realidad es un proceso bien potente que se desarrolla con los estudiantes en su aprendizaje situado ya que lo acerca a la realidad de lo que ellos pueden desarrollar como estudiantes dentro de un proceso que es continuo y potenciando tambi\u00e9n y velando por que ellos identifiquen sus reales proyectos de vida que puedan desarrollar a futuro\u201d.<\/p>\n","protected":false},"excerpt":{"rendered":"<p>En el marco del proceso de Operaci\u00f3n Renta que lleva a cabo el Servicio de Impuestos Internos, \u00a0las autoridades regionales invitan a la comunidad a realizar este tr\u00e1mite en el Liceo Bicentenario Instituto Comercial de Valdivia, donde adem\u00e1s de haber stands con alumnos que pueden orientar a las personas sobre la declaraci\u00f3n de impuestos, el&#8230;<\/p>\n","protected":false},"author":2,"featured_media":1859,"comment_status":"open","ping_status":"closed","sticky":false,"template":"","format":"standard","meta":{"footnotes":""},"categories":[1],"tags":[],"class_list":["post-1858","post","type-post","status-publish","format-standard","has-post-thumbnail","hentry","category-uncategorized"],"jetpack_featured_media_url":"https:\/\/cooltv.cl\/wp-content\/uploads\/2025\/04\/Atencio\u0301n-de-pu\u0301blico-es-desde-las-9-a-13-Horas.jpeg","_links":{"self":[{"href":"https:\/\/cooltv.cl\/index.php?rest_route=\/wp\/v2\/posts\/1858","targetHints":{"allow":["GET"]}}],"collection":[{"href":"https:\/\/cooltv.cl\/index.php?rest_route=\/wp\/v2\/posts"}],"about":[{"href":"https:\/\/cooltv.cl\/index.php?rest_route=\/wp\/v2\/types\/post"}],"author":[{"embeddable":true,"href":"https:\/\/cooltv.cl\/index.php?rest_route=\/wp\/v2\/users\/2"}],"replies":[{"embeddable":true,"href":"https:\/\/cooltv.cl\/index.php?rest_route=%2Fwp%2Fv2%2Fcomments&post=1858"}],"version-history":[{"count":1,"href":"https:\/\/cooltv.cl\/index.php?rest_route=\/wp\/v2\/posts\/1858\/revisions"}],"predecessor-version":[{"id":1860,"href":"https:\/\/cooltv.cl\/index.php?rest_route=\/wp\/v2\/posts\/1858\/revisions\/1860"}],"wp:featuredmedia":[{"embeddable":true,"href":"https:\/\/cooltv.cl\/index.php?rest_route=\/wp\/v2\/media\/1859"}],"wp:attachment":[{"href":"https:\/\/cooltv.cl\/index.php?rest_route=%2Fwp%2Fv2%2Fmedia&parent=1858"}],"wp:term":[{"taxonomy":"category","embeddable":true,"href":"https:\/\/cooltv.cl\/index.php?rest_route=%2Fwp%2Fv2%2Fcategories&post=1858"},{"taxonomy":"post_tag","embeddable":true,"href":"https:\/\/cooltv.cl\/index.php?rest_route=%2Fwp%2Fv2%2Ftags&post=1858"}],"curies":[{"name":"wp","href":"https:\/\/api.w.org\/{rel}","templated":true}]}}