{"id":186,"date":"2024-05-29T20:51:04","date_gmt":"2024-05-29T23:51:04","guid":{"rendered":"https:\/\/cooltv.cl\/?p=186"},"modified":"2024-05-29T20:51:04","modified_gmt":"2024-05-29T23:51:04","slug":"delegacion-de-la-region-de-los-rios-destaca-en-expo-sial-de-shanghai-promocionando-productos-regionales","status":"publish","type":"post","link":"https:\/\/cooltv.cl\/?p=186","title":{"rendered":"Delegaci\u00f3n de la Regi\u00f3n de Los R\u00edos destaca en Expo Sial de Shangh\u00e1i promocionando productos regionales"},"content":{"rendered":"<p>La delegaci\u00f3n es encabezada por el Gobernador Regional Luis Cuvertino; Consejeras Regionales, representantes de la CRDP y de las empresas CRAN Chile, Apicoop, Colun y Kunstmann.<\/p>\n<p>Los R\u00edos es la \u00fanica regi\u00f3n de Chile presente en la Expo SIAL de Shangh\u00e1i, uno de los eventos m\u00e1s prestigiosos del sector de alimentos y bebidas del mercado asi\u00e1tico, que se lleva a cabo durante esta semana en la Rep\u00fablica China. La participaci\u00f3n de la regi\u00f3n permitir\u00e1 el contacto con potenciales socios comerciales, \u00a0la promoci\u00f3n de los productos regionales y la creaci\u00f3n de un ambiente favorable para el intercambio de conocimientos y experiencias.<\/p>\n<p>La delegaci\u00f3n chilena es encabezada por el Gobernador Regional, Luis Cuvertino y las Consejeras Regionales Sarita Jaramillo y Ximena Castillo; el gerente (i) de la Corporaci\u00f3n Regional de Desarrollo Productivo, Braulio Poveda y; representantes de las empresas regionales CRAN Chile, Apicoop, Colun y Kunstmann, quienes buscan impulsar la econom\u00eda local y posicionar a la regi\u00f3n como un actor relevante en el \u00e1mbito internacional.<\/p>\n<p>As\u00ed lo expres\u00f3 el Gobernador Regional, Luis Cuvertino, quien destac\u00f3 la excelencia, innovaci\u00f3n y diversidad de los productos regionales, subrayando la importancia de establecer contactos comerciales y explorar nuevas oportunidades de mercado, \u201cvemos que esta feria es una gran ventana al mundo, pero particularmente para la propia China y para la ciudad de Shangh\u00e1i, que tiene en su \u00e1rea metropolitana m\u00e1s de 24 millones de habitantes, por consiguiente, es una opci\u00f3n absolutamente clara para estas empresas. El compromiso del Gobierno Regional es ser persistentes, mantener una pol\u00edtica de internacionalizaci\u00f3n y mantener una pol\u00edtica de apoyo a las empresas que tienen capacidades de exportaci\u00f3n\u201d.<\/p>\n<p>Cuvertino adem\u00e1s agreg\u00f3 que, \u201cestas acciones permitir\u00e1n, con mucha seguridad, entrar en un mercado, un mercado exigente, de alto est\u00e1ndar, pero que una vez que se posiciona, abre opciones extraordinarias para los alimentos, en este caso que estamos produciendo en nuestra Regi\u00f3n de Los R\u00edos\u201d.<\/p>\n<p>La Consejera Regional, Sarita Jaramillo expres\u00f3 que, \u201ccomo representantes de nuestra regi\u00f3n es muy valioso explorar oportunidades de desarrollo para las empresas y productos regionales; estamos seguros que las acciones que estamos impulsando a trav\u00e9s de nuestro plan de internacionalizaci\u00f3n de la regi\u00f3n, ser\u00e1n beneficiosas para el desarrollo econ\u00f3mico del territorio\u201d.<\/p>\n<p>A su turno, la Consejera Regional Ximena Castillo explic\u00f3 que, \u201cdesde la regi\u00f3n estamos impulsando un importante plan de internacionalizaci\u00f3n y para ello se requiere que abordemos diversas acciones. Como representantes del Gobierno Regional, poder acompa\u00f1ar a empresas regionales a esta promoci\u00f3n internacional, sin duda, fortalece nuestras relaciones de cooperaci\u00f3n entre el mundo p\u00fablico y privado\u201d.<\/p>\n<p><strong><em>Plan Regional de Asuntos Internacionales<\/em><\/strong><\/p>\n<p>La Corporaci\u00f3n Regional de Desarrollo Productivo (CRDP) dependiente del Gobierno Regional de Los R\u00edos, se encuentra desarrollando el Estudio \u201cPromoci\u00f3n de Oportunidades de Inversi\u00f3n en la Regi\u00f3n de Los R\u00edos\u201d. Este evento se alinea con las orientaciones del Gobierno Regional, enfocadas en el desarrollo social, cultural y econ\u00f3mico de Los R\u00edos, junto con los ejes de la Estrategia Regional de Desarrollo y la Pol\u00edtica Regional de Fomento.<\/p>\n<p>La participaci\u00f3n en la Expo SIAL apunta a gestionar un proceso de inserci\u00f3n internacional para la regi\u00f3n, guiando los esfuerzos del sector p\u00fablico y privado, y ofreciendo a la comunidad regional nuevos espacios y oportunidades de desarrollo econ\u00f3mico, integraci\u00f3n transfronteriza, complementaci\u00f3n de iniciativas y cooperaci\u00f3n internacional.<\/p>\n<p>El gerente (i) de la Corporaci\u00f3n Regional de Desarrollo Productivo, Braulio Poveda asegur\u00f3 que, \u201cla participaci\u00f3n marca un hito para Los R\u00edos porque somos la \u00fanica regi\u00f3n de Chile presente en el pabell\u00f3n con nuestros empresarios, lo que ratifica el compromiso que tiene nuestro Gobierno Regional, el Consejo Regional y la Corporaci\u00f3n en apoyar y respaldar al sector productivo, quienes son finalmente el motor de la econom\u00eda local. Sostuvimos una reuni\u00f3n con el alcalde de Shangh\u00e1i, donde pudimos vislumbrar un arduo trabajo para llegar a lo que son hoy en d\u00eda. De parte de ellos hay mucho inter\u00e9s de poder apoyar a la regi\u00f3n en diferentes temas del \u00e1mbito cultural, seguridad, ciencia, tecnolog\u00eda, innovaci\u00f3n, biotecnolog\u00eda, educaci\u00f3n, entre otros, por lo que es un gran desaf\u00edo para nuestra instituci\u00f3n\u201d.<\/p>\n<p>La delegaci\u00f3n chilena tambi\u00e9n se trasladar\u00e1 a Kunming, para reunirse con el Gobernador de la Provincia de Yunnan, con quien la Regi\u00f3n de Los R\u00edos mantiene un acuerdo de cooperaci\u00f3n, que este a\u00f1o celebra 12 a\u00f1os de historia. All\u00ed visitar\u00e1n la Universidad de Dali, la Universidad de Yunnan y la Universidad de Ciencia y Tecnolog\u00eda de Kunming, donde conocer\u00e1n el trabajo que se est\u00e1 desarrollando en los \u00e1mbitos de innovaci\u00f3n, ciencia, educaci\u00f3n, cultura y turismo.<\/p>\n","protected":false},"excerpt":{"rendered":"<p>La delegaci\u00f3n es encabezada por el Gobernador Regional Luis Cuvertino; Consejeras Regionales, representantes de la CRDP y de las empresas CRAN Chile, Apicoop, Colun y Kunstmann. Los R\u00edos es la \u00fanica regi\u00f3n de Chile presente en la Expo SIAL de Shangh\u00e1i, uno de los eventos m\u00e1s prestigiosos del sector de alimentos y bebidas del mercado&#8230;<\/p>\n","protected":false},"author":2,"featured_media":187,"comment_status":"open","ping_status":"closed","sticky":false,"template":"","format":"standard","meta":{"footnotes":""},"categories":[1],"tags":[],"class_list":["post-186","post","type-post","status-publish","format-standard","has-post-thumbnail","hentry","category-uncategorized"],"jetpack_featured_media_url":"https:\/\/cooltv.cl\/wp-content\/uploads\/2024\/05\/EXPO-SIAL-scaled.jpeg","_links":{"self":[{"href":"https:\/\/cooltv.cl\/index.php?rest_route=\/wp\/v2\/posts\/186","targetHints":{"allow":["GET"]}}],"collection":[{"href":"https:\/\/cooltv.cl\/index.php?rest_route=\/wp\/v2\/posts"}],"about":[{"href":"https:\/\/cooltv.cl\/index.php?rest_route=\/wp\/v2\/types\/post"}],"author":[{"embeddable":true,"href":"https:\/\/cooltv.cl\/index.php?rest_route=\/wp\/v2\/users\/2"}],"replies":[{"embeddable":true,"href":"https:\/\/cooltv.cl\/index.php?rest_route=%2Fwp%2Fv2%2Fcomments&post=186"}],"version-history":[{"count":1,"href":"https:\/\/cooltv.cl\/index.php?rest_route=\/wp\/v2\/posts\/186\/revisions"}],"predecessor-version":[{"id":188,"href":"https:\/\/cooltv.cl\/index.php?rest_route=\/wp\/v2\/posts\/186\/revisions\/188"}],"wp:featuredmedia":[{"embeddable":true,"href":"https:\/\/cooltv.cl\/index.php?rest_route=\/wp\/v2\/media\/187"}],"wp:attachment":[{"href":"https:\/\/cooltv.cl\/index.php?rest_route=%2Fwp%2Fv2%2Fmedia&parent=186"}],"wp:term":[{"taxonomy":"category","embeddable":true,"href":"https:\/\/cooltv.cl\/index.php?rest_route=%2Fwp%2Fv2%2Fcategories&post=186"},{"taxonomy":"post_tag","embeddable":true,"href":"https:\/\/cooltv.cl\/index.php?rest_route=%2Fwp%2Fv2%2Ftags&post=186"}],"curies":[{"name":"wp","href":"https:\/\/api.w.org\/{rel}","templated":true}]}}