{"id":189,"date":"2024-05-29T20:55:23","date_gmt":"2024-05-29T23:55:23","guid":{"rendered":"https:\/\/cooltv.cl\/?p=189"},"modified":"2024-05-29T20:55:23","modified_gmt":"2024-05-29T23:55:23","slug":"servicio-nacional-de-migraciones-entrego-cuenta-publica-de-su-gestion-en-los-rios","status":"publish","type":"post","link":"https:\/\/cooltv.cl\/?p=189","title":{"rendered":"Servicio Nacional de Migraciones entreg\u00f3 cuenta p\u00fablica de su gesti\u00f3n en Los R\u00edos"},"content":{"rendered":"<p>En presencia de autoridades, organizaciones de apoyo a migrantes, funcionarios y<br \/>\nfuncionarias, el Director Regional de Los R\u00edos del Servicio Nacional de<br \/>\nMigraciones, \u00d3scar Molina Silva, entreg\u00f3 un balance de la gesti\u00f3n realizada en el<br \/>\nper\u00edodo 2023, en su cuenta p\u00fablica participativa.<br \/>\nLa actividad se desarroll\u00f3 en dependencias del sal\u00f3n Deloitte de la Facultad de<br \/>\nCiencias Econ\u00f3micas y Administrativas, donde Molina Silva realiz\u00f3 un repaso de<br \/>\nlas principales labores realizadas por el Servicio en la regi\u00f3n, entre ellos la gesti\u00f3n<br \/>\nde permisos migratorios.<br \/>\nEn este sentido, relev\u00f3 que durante la gesti\u00f3n 2023 del servicio, se acogieron<br \/>\n1.165 solicitudes de residencia definitiva y otras 447 de residencia temporal, de las<br \/>\ncuales han sido otorgadas 672 y 271, respectivamente.<br \/>\nRespecto a poblaci\u00f3n prioritaria y sujetos de protecci\u00f3n internacional, Molina Silva<br \/>\ndetall\u00f3 que el servicio ha recibido 70 solicitudes formales, de las cuales siete han<br \/>\nsido rechazadas.<br \/>\nIgualmente, relev\u00f3 el proceso de empadronamiento biom\u00e9trico que se desarroll\u00f3<br \/>\nentre junio y diciembre de 2023 con apoyo de PDI, en el cual de las 846 personas<br \/>\nproyectadas para realizar este tr\u00e1mite, participaron 1.052. Esto a juicio de Molina<br \/>\nSilva viene a dar cuenta del arduo trabajo desarrollado por los funcionarios\/as (de<br \/>\nSERMIG y PDI) en distintos puntos de la regi\u00f3n.<br \/>\nEntre esos despliegues, manifest\u00f3 el director, est\u00e1n nueve operativos en terreno,<br \/>\nen los cuales se entreg\u00f3 orientaci\u00f3n a 304 personas; otros cinco enfocados en<br \/>\nni\u00f1os, ni\u00f1as y adolescentes, en donde fueron atendidas 203 usuarios; y 13 charlas<br \/>\nde promoci\u00f3n del uso de las plataformas digitales realizadas en juntas de vecinos.<br \/>\nSello y Compromiso Migrante<br \/>\nEn materia de coordinaci\u00f3n con otros servicios, el Director Regional explic\u00f3 que en<br \/>\nla regi\u00f3n se lleva adelante el \u201cSello Migrante\u201d, que apunta a crear o fortalecer la<br \/>\ninstitucionalidad municipal necesaria para ejecutar planes, programas y proyectos<br \/>\norientados a la atenci\u00f3n e inclusi\u00f3n de la poblaci\u00f3n migrante y refugiada.<br \/>\nEn Los R\u00edos, las municipalidades de Valdivia, Lanco, Panguipulli, Los Lagos, M\u00e1fil<br \/>\ny Paillaco ya cuentan con el Sello Migrante, que ha permitido atender a 53 casos<br \/>\nen la regi\u00f3n, llegando de esta forma a un 98% de cumplimiento.<\/p>\n<p>Otra l\u00ednea de acci\u00f3n es Compromiso Migrante, que se lleva adelante con la<br \/>\nDirecci\u00f3n del Trabajo, el cual reconoce a las instituciones, empresas y gremios<br \/>\nque se destaquen por la inclusi\u00f3n, el enfoque intercultural y la no discriminaci\u00f3n en<br \/>\nsu composici\u00f3n interna, gesti\u00f3n y relaci\u00f3n con el entorno.<br \/>\nEn este \u00e1mbito, el director agradeci\u00f3 la colaboraci\u00f3n de la Universidad Austral de<br \/>\nChile, Frutos La Aguada, Automotora Castillo, Ferreter\u00eda Fl\u00e1ndez y Socoepa,<br \/>\nquienes ya cuentan con este reconocimiento.<br \/>\nTambi\u00e9n destac\u00f3 el programa Apoya Mujer Migrante, que ejecut\u00f3 tres operativos<br \/>\nen los cuales participaron 55 mujeres, y la participaci\u00f3n del Servicio en seis mesas<br \/>\nt\u00e9cnicas regionales de migraciones.<br \/>\nInfraestructura<br \/>\nEn materia de infraestructura, el director destac\u00f3 la habilitaci\u00f3n de un espacio<br \/>\ndefinitivo para el Servicio, ubicado Camilo Henr\u00edquez #146, en pleno centro de la<br \/>\ncapital regional (Valdivia), lo que implic\u00f3 una inversi\u00f3n cercana a los $125<br \/>\nmillones.<br \/>\nLo anterior permiti\u00f3 mejorar los est\u00e1ndares de atenci\u00f3n a sus usuarios, que<br \/>\nanteriormente deb\u00edan cumplir con sus tr\u00e1mites en el subsuelo de la ex<br \/>\nGobernaci\u00f3n Provincial de Valdivia. La nueva dependencia permiti\u00f3 atender a 457<br \/>\npersonas durante el a\u00f1o pasado y a contar de marzo de 2024 comenz\u00f3 a operar<br \/>\nun sistema de reserva de horas online.<br \/>\nDesaf\u00edos 2024<br \/>\nAl finalizar su exposici\u00f3n el director regional, junto con agradecer la colaboraci\u00f3n<br \/>\npermanente de sus funcionarios y funcionarias, estableci\u00f3 como principales<br \/>\ndesaf\u00edos para 2024 aumentar la participaci\u00f3n en mesas t\u00e9cnicas intersectoriales,<br \/>\nfortalecer el \u00e1rea de g\u00e9nero a trav\u00e9s de la implementaci\u00f3n de iniciativas de<br \/>\ninclusi\u00f3n; y potenciar las actividades de ni\u00f1os, ni\u00f1as y adolescentes mediante<br \/>\noperativos de atenci\u00f3n en terreno y en las dependencias de la Direcci\u00f3n Regional<br \/>\nde Los R\u00edos.<\/p>\n<p>\u201cEstamos muy contentos porque esta cuenta p\u00fablica nos permite evidenciar el<br \/>\nimportante trabajo realizado durante el a\u00f1o 2023, especialmente en iniciativas de<br \/>\ninclusi\u00f3n con grupos prioritarios como ni\u00f1os ni\u00f1as y adolescentes y mujeres.<br \/>\nAdem\u00e1s seguimos fortaleciendo la institucionalidad para que la migraci\u00f3n en Chile,<br \/>\nsea ordenada segura y regulada que es lo que el pa\u00eds pide\u201d, dijo el director<br \/>\nregional del Servicio de Migraciones, \u00d3scar Molina Silva.<\/p>\n","protected":false},"excerpt":{"rendered":"<p>En presencia de autoridades, organizaciones de apoyo a migrantes, funcionarios y funcionarias, el Director Regional de Los R\u00edos del Servicio Nacional de Migraciones, \u00d3scar Molina Silva, entreg\u00f3 un balance de la gesti\u00f3n realizada en el per\u00edodo 2023, en su cuenta p\u00fablica participativa. La actividad se desarroll\u00f3 en dependencias del sal\u00f3n Deloitte de la Facultad de&#8230;<\/p>\n","protected":false},"author":2,"featured_media":190,"comment_status":"open","ping_status":"closed","sticky":false,"template":"","format":"standard","meta":{"footnotes":""},"categories":[1],"tags":[],"class_list":["post-189","post","type-post","status-publish","format-standard","has-post-thumbnail","hentry","category-uncategorized"],"jetpack_featured_media_url":"https:\/\/cooltv.cl\/wp-content\/uploads\/2024\/05\/Cuenta-Pu\u0301blica-Migraciones-Los-Ri\u0301os-2.jpeg","_links":{"self":[{"href":"https:\/\/cooltv.cl\/index.php?rest_route=\/wp\/v2\/posts\/189","targetHints":{"allow":["GET"]}}],"collection":[{"href":"https:\/\/cooltv.cl\/index.php?rest_route=\/wp\/v2\/posts"}],"about":[{"href":"https:\/\/cooltv.cl\/index.php?rest_route=\/wp\/v2\/types\/post"}],"author":[{"embeddable":true,"href":"https:\/\/cooltv.cl\/index.php?rest_route=\/wp\/v2\/users\/2"}],"replies":[{"embeddable":true,"href":"https:\/\/cooltv.cl\/index.php?rest_route=%2Fwp%2Fv2%2Fcomments&post=189"}],"version-history":[{"count":1,"href":"https:\/\/cooltv.cl\/index.php?rest_route=\/wp\/v2\/posts\/189\/revisions"}],"predecessor-version":[{"id":191,"href":"https:\/\/cooltv.cl\/index.php?rest_route=\/wp\/v2\/posts\/189\/revisions\/191"}],"wp:featuredmedia":[{"embeddable":true,"href":"https:\/\/cooltv.cl\/index.php?rest_route=\/wp\/v2\/media\/190"}],"wp:attachment":[{"href":"https:\/\/cooltv.cl\/index.php?rest_route=%2Fwp%2Fv2%2Fmedia&parent=189"}],"wp:term":[{"taxonomy":"category","embeddable":true,"href":"https:\/\/cooltv.cl\/index.php?rest_route=%2Fwp%2Fv2%2Fcategories&post=189"},{"taxonomy":"post_tag","embeddable":true,"href":"https:\/\/cooltv.cl\/index.php?rest_route=%2Fwp%2Fv2%2Ftags&post=189"}],"curies":[{"name":"wp","href":"https:\/\/api.w.org\/{rel}","templated":true}]}}