{"id":1921,"date":"2025-04-23T14:16:35","date_gmt":"2025-04-23T17:16:35","guid":{"rendered":"https:\/\/cooltv.cl\/?p=1921"},"modified":"2025-04-23T14:16:35","modified_gmt":"2025-04-23T17:16:35","slug":"conaf-fortalece-el-trabajo-local-con-su-programa-de-emergencia-de-empleo-249-personas-mejoran-su-calidad-de-vida-en-los-rios","status":"publish","type":"post","link":"https:\/\/cooltv.cl\/?p=1921","title":{"rendered":"CONAF fortalece el trabajo local con su Programa de Emergencia de Empleo: 249 personas mejoran su calidad de vida en Los R\u00edos"},"content":{"rendered":"<p><i><span style=\"font-weight: 400;\">A trav\u00e9s de su Programa de Emergencia de Empleo, CONAF ha generado oportunidades laborales significativas para 249 personas en situaci\u00f3n de cesant\u00eda en la regi\u00f3n de Los R\u00edos. Con presencia en las 12 comunas, la iniciativa no solo genera ingresos, sino que tambi\u00e9n promueve el cuidado del entorno, el arraigo territorial y la recuperaci\u00f3n de la dignidad del trabajo.<\/span><\/i><\/p>\n<p><span style=\"font-weight: 400;\">21 de abril de 2025<\/span><\/p>\n<p><span style=\"font-weight: 400;\">Un impulso concreto a la dignidad laboral y al desarrollo de los territorios es lo que ha significado el Programa de Emergencia de Empleo (PEE) de CONAF en la regi\u00f3n de Los R\u00edos, donde actualmente 249 personas acceden a trabajo.<\/span><\/p>\n<p><span style=\"font-weight: 400;\">Este programa, orientado a personas en situaci\u00f3n de cesant\u00eda, busca responder a la urgencia del desempleo en contextos de alta vulnerabilidad econ\u00f3mica, generando empleos de media jornada con un claro \u00e9nfasis en el trabajo comunitario y la protecci\u00f3n del entorno. Financiado a trav\u00e9s del Programa de Contingencia contra el Desempleo, el PEE forma parte de los Programas de Coyuntura Econ\u00f3mica con Apoyo Fiscal.<\/span><\/p>\n<p><span style=\"font-weight: 400;\">Distribuido en las 12 comunas de la regi\u00f3n, el PEE permite que hombres y mujeres de zonas urbanas y rurales puedan acceder a una fuente de ingreso y, a la vez, aportar directamente al bienestar de sus comunidades. Las labores que realizan \u2014como arborizaci\u00f3n, silvicultura preventiva, producci\u00f3n de plantas en viveros, y restauraci\u00f3n de \u00e1reas naturales\u2014 no s\u00f3lo fortalecen el tejido social, sino que tambi\u00e9n promueven un v\u00ednculo profundo con el territorio y la sustentabilidad ambiental.<\/span><\/p>\n<p><span style=\"font-weight: 400;\">Al respecto, el director regional de CONAF, Arnoldo Shibar, se\u00f1al\u00f3 que \u201cqueremos relevar fundamentalmente el trabajo que se est\u00e1 haciendo en todas las comunas de la regi\u00f3n, principalmente asociado a proyectos medioambientales de resguardo de los recursos naturales y tambi\u00e9n de apoyo al fortalecimiento territorial y la identidad local a trav\u00e9s de los municipios. CONAF est\u00e1 contento de poder llevar adelante este trabajo, es importante indicar que la instituci\u00f3n tambi\u00e9n sirve para desarrollar acciones relacionadas al trabajo y a entregar oportunidades laborales, sobre todo en sectores m\u00e1s vulnerables de la regi\u00f3n\u201d.<\/span><\/p>\n<p><span style=\"font-weight: 400;\">Este esfuerzo es posible gracias al trabajo articulado entre el Comit\u00e9 de Seguimiento de Programas de Empleo con Apoyo Fiscal, liderado por la Subsecretar\u00eda del Trabajo, e instituciones como la DIPRES, Proempleo y CONAF, que en conjunto garantizan que estos cupos respondan a las reales necesidades locales.<\/span><\/p>\n<p><span style=\"font-weight: 400;\">El PEE representa una oportunidad para reinsertarse en el mundo del trabajo con sentido, contribuyendo al cuidado del entorno y al fortalecimiento de la identidad territorial de Los R\u00edos.<\/span><\/p>\n<p>&nbsp;<\/p>\n","protected":false},"excerpt":{"rendered":"<p>A trav\u00e9s de su Programa de Emergencia de Empleo, CONAF ha generado oportunidades laborales significativas para 249 personas en situaci\u00f3n de cesant\u00eda en la regi\u00f3n de Los R\u00edos. Con presencia en las 12 comunas, la iniciativa no solo genera ingresos, sino que tambi\u00e9n promueve el cuidado del entorno, el arraigo territorial y la recuperaci\u00f3n de&#8230;<\/p>\n","protected":false},"author":2,"featured_media":1922,"comment_status":"open","ping_status":"closed","sticky":false,"template":"","format":"standard","meta":{"footnotes":""},"categories":[1],"tags":[],"class_list":["post-1921","post","type-post","status-publish","format-standard","has-post-thumbnail","hentry","category-uncategorized"],"jetpack_featured_media_url":"https:\/\/cooltv.cl\/wp-content\/uploads\/2025\/04\/IMG_3864.jpeg","_links":{"self":[{"href":"https:\/\/cooltv.cl\/index.php?rest_route=\/wp\/v2\/posts\/1921","targetHints":{"allow":["GET"]}}],"collection":[{"href":"https:\/\/cooltv.cl\/index.php?rest_route=\/wp\/v2\/posts"}],"about":[{"href":"https:\/\/cooltv.cl\/index.php?rest_route=\/wp\/v2\/types\/post"}],"author":[{"embeddable":true,"href":"https:\/\/cooltv.cl\/index.php?rest_route=\/wp\/v2\/users\/2"}],"replies":[{"embeddable":true,"href":"https:\/\/cooltv.cl\/index.php?rest_route=%2Fwp%2Fv2%2Fcomments&post=1921"}],"version-history":[{"count":1,"href":"https:\/\/cooltv.cl\/index.php?rest_route=\/wp\/v2\/posts\/1921\/revisions"}],"predecessor-version":[{"id":1923,"href":"https:\/\/cooltv.cl\/index.php?rest_route=\/wp\/v2\/posts\/1921\/revisions\/1923"}],"wp:featuredmedia":[{"embeddable":true,"href":"https:\/\/cooltv.cl\/index.php?rest_route=\/wp\/v2\/media\/1922"}],"wp:attachment":[{"href":"https:\/\/cooltv.cl\/index.php?rest_route=%2Fwp%2Fv2%2Fmedia&parent=1921"}],"wp:term":[{"taxonomy":"category","embeddable":true,"href":"https:\/\/cooltv.cl\/index.php?rest_route=%2Fwp%2Fv2%2Fcategories&post=1921"},{"taxonomy":"post_tag","embeddable":true,"href":"https:\/\/cooltv.cl\/index.php?rest_route=%2Fwp%2Fv2%2Ftags&post=1921"}],"curies":[{"name":"wp","href":"https:\/\/api.w.org\/{rel}","templated":true}]}}