{"id":1992,"date":"2025-05-06T13:22:16","date_gmt":"2025-05-06T16:22:16","guid":{"rendered":"https:\/\/cooltv.cl\/?p=1992"},"modified":"2025-05-06T13:22:16","modified_gmt":"2025-05-06T16:22:16","slug":"autoridades-llaman-a-postular-a-programas-de-emprendimiento-del-fosis-en-la-provincia-del-ranco","status":"publish","type":"post","link":"https:\/\/cooltv.cl\/?p=1992","title":{"rendered":"Autoridades llaman a postular a programas de emprendimiento del FOSIS en la Provincia Del Ranco"},"content":{"rendered":"<p><strong><em>El delegado presidencial Del Ranco, Alejandro Reyes, y el director regional del FOSIS, Sebasti\u00e1n Chac\u00f3n, hicieron un llamado a postular a los programas de emprendimiento disponibles en la provincia. Las postulaciones est\u00e1n abiertas hasta el 12 de mayo en <a href=\"http:\/\/www.miportalemprendimiento.gob.cl\/\" data-saferedirecturl=\"https:\/\/www.google.com\/url?q=http:\/\/www.miportalemprendimiento.gob.cl&amp;source=gmail&amp;ust=1746622429771000&amp;usg=AOvVaw3xbRGSoXzyudAW1PGKJRgr\">www.miportalemprendimiento.gob.cl<\/a>.<\/em><\/strong><\/p>\n<p>El Fondo de Solidaridad e Inversi\u00f3n Social, FOSIS, abri\u00f3 las postulaciones a sus programas de emprendimiento 2025 en la Provincia Del Ranco, con m\u00e1s de un centenar de cupos disponibles para personas que deseen iniciar o fortalecer sus negocios. El delegado presidencial provincial Del Ranco, Alejandro Reyes, junto al director regional del FOSIS, Sebasti\u00e1n Chac\u00f3n, realizaron un llamado a la comunidad a informarse y postular antes del 12 de mayo, ya sea presencialmente o a trav\u00e9s de la nueva plataforma digital Mi Portal de Emprendimiento (<a href=\"http:\/\/www.miportalemprendimiento.gob.cl\/\" data-saferedirecturl=\"https:\/\/www.google.com\/url?q=http:\/\/www.miportalemprendimiento.gob.cl&amp;source=gmail&amp;ust=1746622429771000&amp;usg=AOvVaw3xbRGSoXzyudAW1PGKJRgr\">www.miportalemprendimiento.gob.cl<\/a>).<\/p>\n<p>Las postulaciones est\u00e1n abiertas a los programas Emprendamos Semilla, Emprendamos B\u00e1sico, Emprendamos Avanzado y Acceso al Microcr\u00e9dito, todos ellos enfocados en entregar asesor\u00eda, capacitaci\u00f3n, acompa\u00f1amiento y financiamiento a personas emprendedoras. Pueden postular mayores de 18 a\u00f1os, que est\u00e9n dentro del 60% del Registro Social de Hogares, y que residan en alguna de las comunas de La Uni\u00f3n, R\u00edo Bueno, Futrono o Lago Ranco.<\/p>\n<p>\u00abEs altamente importante que, para que los ciudadanos y ciudadanas puedan confiar en las instituciones, tambi\u00e9n sientan que las plataformas son multimodales y permitan acceder a una serie de prestaciones, beneficios y postulaciones. \u00bfPor qu\u00e9? Porque establecer un trabajo interagencial e interinstitucional permite a la ciudadan\u00eda construir confianza en lo p\u00fablico. El Presidente de la Rep\u00fablica nos ha mandatado y ha trabajado justamente en generar acciones coordinadas, sobre todo en lugares como la provincia del Ranco, donde tenemos poblaciones eminentemente rurales. El trabajo unificado nos permite llevar una sola v\u00eda de ingreso a las plataformas del Estado para canalizar las solicitudes, las demandas y entregar respuestas oportunas\u201d, se\u00f1al\u00f3 el delegado presidencial Del Ranco, Alejandro Reyes.<\/p>\n<p>La m\u00e1xima autoridad de la provincia agreg\u00f3 que \u201ca trav\u00e9s del convenio de colaboraci\u00f3n que tenemos con FOSIS, cualquier duda o requerimiento puede ser atendido aqu\u00ed mismo, en la delegaci\u00f3n presidencial Del Ranco, evitando que las personas deban desplazarse hasta Valdivia. Tambi\u00e9n buscamos articular este esfuerzo con las municipalidades, por lo que plataformas que permitan un acceso m\u00e1s f\u00e1cil y direccionado son clave para avanzar en eficiencia y ampliar la presencia del Estado en sectores rurales. Esto se valora enormemente, especialmente por lo que recogemos en nuestras permanentes visitas al territorio, donde dirigentes y vecinos nos demandan que las postulaciones no queden solo en la capital regional, sino que tambi\u00e9n se desplieguen en la provincia Del Ranco\u00bb.<\/p>\n<p>Por su parte, el director regional del FOSIS, Sebasti\u00e1n Chac\u00f3n, mencion\u00f3: \u201cNos encontramos en el lanzamiento del portal <em>Mi Emprendimiento<\/em>, una plataforma a trav\u00e9s de la cual se realizan las postulaciones a los programas del FOSIS en toda la regi\u00f3n, incluida la provincia del Ranco. Esta herramienta nos permite invitar a las personas a postular y acceder a diversos programas sociales, entre ellos iniciativas de INDAP, PRODEMU, SERNAMEG, SENCE y tambi\u00e9n del propio FOSIS\u00bb.<\/p>\n<p>Las personas interesadas pueden postular directamente en el sitio web <a href=\"http:\/\/www.miportalemprendimiento.gob.cl\/\" data-saferedirecturl=\"https:\/\/www.google.com\/url?q=http:\/\/www.miportalemprendimiento.gob.cl&amp;source=gmail&amp;ust=1746622429771000&amp;usg=AOvVaw3xbRGSoXzyudAW1PGKJRgr\">www.miportalemprendimiento.gob.cl<\/a>, acudir a la Delegaci\u00f3n Presidencial Provincial Del Ranco en La Uni\u00f3n, a sus respectivos municipios o acercarse a la oficina regional del FOSIS en Valdivia. El llamado es a no esperar el \u00faltimo d\u00eda y aprovechar esta oportunidad para recibir apoyo concreto al momento de emprender.<\/p>\n","protected":false},"excerpt":{"rendered":"<p>El delegado presidencial Del Ranco, Alejandro Reyes, y el director regional del FOSIS, Sebasti\u00e1n Chac\u00f3n, hicieron un llamado a postular a los programas de emprendimiento disponibles en la provincia. Las postulaciones est\u00e1n abiertas hasta el 12 de mayo en www.miportalemprendimiento.gob.cl. El Fondo de Solidaridad e Inversi\u00f3n Social, FOSIS, abri\u00f3 las postulaciones a sus programas de&#8230;<\/p>\n","protected":false},"author":2,"featured_media":1993,"comment_status":"open","ping_status":"closed","sticky":false,"template":"","format":"standard","meta":{"footnotes":""},"categories":[1],"tags":[],"class_list":["post-1992","post","type-post","status-publish","format-standard","has-post-thumbnail","hentry","category-uncategorized"],"jetpack_featured_media_url":"https:\/\/cooltv.cl\/wp-content\/uploads\/2025\/05\/fosis-ranco-2.jpg","_links":{"self":[{"href":"https:\/\/cooltv.cl\/index.php?rest_route=\/wp\/v2\/posts\/1992","targetHints":{"allow":["GET"]}}],"collection":[{"href":"https:\/\/cooltv.cl\/index.php?rest_route=\/wp\/v2\/posts"}],"about":[{"href":"https:\/\/cooltv.cl\/index.php?rest_route=\/wp\/v2\/types\/post"}],"author":[{"embeddable":true,"href":"https:\/\/cooltv.cl\/index.php?rest_route=\/wp\/v2\/users\/2"}],"replies":[{"embeddable":true,"href":"https:\/\/cooltv.cl\/index.php?rest_route=%2Fwp%2Fv2%2Fcomments&post=1992"}],"version-history":[{"count":1,"href":"https:\/\/cooltv.cl\/index.php?rest_route=\/wp\/v2\/posts\/1992\/revisions"}],"predecessor-version":[{"id":1994,"href":"https:\/\/cooltv.cl\/index.php?rest_route=\/wp\/v2\/posts\/1992\/revisions\/1994"}],"wp:featuredmedia":[{"embeddable":true,"href":"https:\/\/cooltv.cl\/index.php?rest_route=\/wp\/v2\/media\/1993"}],"wp:attachment":[{"href":"https:\/\/cooltv.cl\/index.php?rest_route=%2Fwp%2Fv2%2Fmedia&parent=1992"}],"wp:term":[{"taxonomy":"category","embeddable":true,"href":"https:\/\/cooltv.cl\/index.php?rest_route=%2Fwp%2Fv2%2Fcategories&post=1992"},{"taxonomy":"post_tag","embeddable":true,"href":"https:\/\/cooltv.cl\/index.php?rest_route=%2Fwp%2Fv2%2Ftags&post=1992"}],"curies":[{"name":"wp","href":"https:\/\/api.w.org\/{rel}","templated":true}]}}