{"id":2012,"date":"2025-05-08T13:25:46","date_gmt":"2025-05-08T16:25:46","guid":{"rendered":"https:\/\/cooltv.cl\/?p=2012"},"modified":"2025-05-08T13:25:46","modified_gmt":"2025-05-08T16:25:46","slug":"lanzaron-plan-invierno-en-los-rios-que-abordara-con-prioridad-429-puntos-criticos-identificados","status":"publish","type":"post","link":"https:\/\/cooltv.cl\/?p=2012","title":{"rendered":"Lanzaron Plan invierno en Los R\u00edos que abordar\u00e1 con prioridad 429 puntos cr\u00edticos identificados"},"content":{"rendered":"<p><i><span style=\"font-weight: 400;\">Se dar\u00e1 urgencia a acciones de mitigaci\u00f3n en 53 puntos cr\u00edticos categorizados como de \u201cMuy alto\u201d riesgo.\u00a0<\/span><\/i><\/p>\n<p><span style=\"font-weight: 400;\">Se trata del Plan de Invierno 2025, acci\u00f3n que cada a\u00f1o se implementa a modo de identificar en conjunto a los municipios de la regi\u00f3n los principales puntos que presentan un riesgo para los vecinos del territorio ante los distintos sistemas frontales y fen\u00f3menos clim\u00e1ticos que se presentan en esta estaci\u00f3n del a\u00f1o.<\/span><\/p>\n<p><span style=\"font-weight: 400;\">El Delegado Presidencial de Los R\u00edos, Jorge Alvial Pantoja, detall\u00f3 que \u201cSe dio el vamos al Plan Invierno en conjunto al Ministro del Interior y Seguridad P\u00fablica, \u00c1lvaro Elizalde y la Directora Nacional de SENAPRED,\u00a0 Alicia Cebrian, para posteriormente junto al Comit\u00e9 de Gesti\u00f3n de Riesgo de Desastre Regional, dar a conocer el trabajo que impulsaremos\u201d.\u00a0<\/span><\/p>\n<p><span style=\"font-weight: 400;\">La autoridad puntualiz\u00f3 que \u201cLos puntos cr\u00edticos se identifican en las distintas comunas, y que est\u00e1n categorizados de acuerdo a su nivel de criticidad, desde muy alto, alto, medio, a bajo. En total son 429, siendo la comuna de Futrono la que m\u00e1s ha ampliado sus puntos cr\u00edticos. Estamos preparados, nosotros hacemos un llamado a la comunidad tambi\u00e9n a trabajar de manera coordinada con las instituciones p\u00fablicas, informarse, usar canales oficiales, y por supuesto tender de manera organizada como sociedad civil a la protecci\u00f3n de la ciudadan\u00eda en este invierno 2025\u201d dijo el Delegado.\u00a0<\/span><\/p>\n<p><span style=\"font-weight: 400;\">El director Regional de SENAPRED, Daniel Epprecht, destac\u00f3 el trabajo de preparaci\u00f3n de este Plan, sosteniendo que \u201cEste trabajo comenz\u00f3 en enero de este a\u00f1o con la solicitud de la incorporaci\u00f3n de cada uno de los puntos cr\u00edticos al dashboard que est\u00e1 dado a nivel nacional. De esta misma manera las 12 comunas de nuestra regi\u00f3n fueron entregando informaci\u00f3n, levantando informaci\u00f3n nueva y de la misma manera categoriz\u00e1ndolas\u201d.\u00a0<\/span><\/p>\n<p><span style=\"font-weight: 400;\">Epprecht puntualiz\u00f3 que \u201cCon los puntos cr\u00edticos ya caracterizados, los municipios deben ir ejecutando todas las medidas de mitigaci\u00f3n y prevenci\u00f3n para ir bajando la categorizaci\u00f3n de muy alto riesgo a alto riesgo o en definitiva eliminar este punto cr\u00edtico. Y eso se hace con trabajo intersectorial tambi\u00e9n con las distintas unidades del Estado, de tal manera de ir reduciendo la vulnerabilidad que la amenaza genera a la poblaci\u00f3n existente cercana a estos puntos cr\u00edticos. La Delegaci\u00f3n Regional Presidencial junto con la Superintendencia de Electricidad y Combustible y las empresas concesionarias el\u00e9ctricas han estado trabajando junto tambi\u00e9n con Senapred y otros organismos p\u00fablicos en una Mesa Regional de Electricidad, de tal manera de ir reduciendo la vulnerabilidad y estos puntos cr\u00edticos, que ellos tambi\u00e9n han identificado de tal manera de poder generar las podas necesarias\u201d dijo Epprecht.<\/span><\/p>\n<p><span style=\"font-weight: 400;\">De los 429 puntos cr\u00edticos levantados por las 12 comunas de Los R\u00edos, se identificaron 53 puntos de muy alto riesgo, 160 de alto riesgo, 142 de riesgo medio, 74 de riesgo bajo.\u00a0<\/span><\/p>\n<p><span style=\"font-weight: 400;\">DE los 53 puntos de muy alto riesgo destaca la comuna de Panguipulli con 44 puntos identificados en esta categor\u00eda, R\u00edo Bueno con 5, Corral con 2, La Uni\u00f3n con 1, Los Lagos con un punto de muy alto riesgo\u201d.\u00a0<\/span><\/p>\n<p><span style=\"font-weight: 400;\">De los 160 puntos de alto riesgo, Corral con 4, Futrono con 42, La Uni\u00f3n con 3, Lago Ranco con 4, Lanco con 9, Los Lagos con 9, M\u00e1fil 2, Mariquina con 9, Paillaco 1, Panguipulli con 49, R\u00edo Bueno con 7 y Valdivia con 21.<\/span><\/p>\n<p>&nbsp;<\/p>\n","protected":false},"excerpt":{"rendered":"<p>Se dar\u00e1 urgencia a acciones de mitigaci\u00f3n en 53 puntos cr\u00edticos categorizados como de \u201cMuy alto\u201d riesgo.\u00a0 Se trata del Plan de Invierno 2025, acci\u00f3n que cada a\u00f1o se implementa a modo de identificar en conjunto a los municipios de la regi\u00f3n los principales puntos que presentan un riesgo para los vecinos del territorio ante&#8230;<\/p>\n","protected":false},"author":2,"featured_media":2013,"comment_status":"open","ping_status":"closed","sticky":false,"template":"","format":"standard","meta":{"footnotes":""},"categories":[1],"tags":[],"class_list":["post-2012","post","type-post","status-publish","format-standard","has-post-thumbnail","hentry","category-uncategorized"],"jetpack_featured_media_url":"https:\/\/cooltv.cl\/wp-content\/uploads\/2025\/05\/PLAN-DE-INVIERNO-2.jpeg","_links":{"self":[{"href":"https:\/\/cooltv.cl\/index.php?rest_route=\/wp\/v2\/posts\/2012","targetHints":{"allow":["GET"]}}],"collection":[{"href":"https:\/\/cooltv.cl\/index.php?rest_route=\/wp\/v2\/posts"}],"about":[{"href":"https:\/\/cooltv.cl\/index.php?rest_route=\/wp\/v2\/types\/post"}],"author":[{"embeddable":true,"href":"https:\/\/cooltv.cl\/index.php?rest_route=\/wp\/v2\/users\/2"}],"replies":[{"embeddable":true,"href":"https:\/\/cooltv.cl\/index.php?rest_route=%2Fwp%2Fv2%2Fcomments&post=2012"}],"version-history":[{"count":1,"href":"https:\/\/cooltv.cl\/index.php?rest_route=\/wp\/v2\/posts\/2012\/revisions"}],"predecessor-version":[{"id":2014,"href":"https:\/\/cooltv.cl\/index.php?rest_route=\/wp\/v2\/posts\/2012\/revisions\/2014"}],"wp:featuredmedia":[{"embeddable":true,"href":"https:\/\/cooltv.cl\/index.php?rest_route=\/wp\/v2\/media\/2013"}],"wp:attachment":[{"href":"https:\/\/cooltv.cl\/index.php?rest_route=%2Fwp%2Fv2%2Fmedia&parent=2012"}],"wp:term":[{"taxonomy":"category","embeddable":true,"href":"https:\/\/cooltv.cl\/index.php?rest_route=%2Fwp%2Fv2%2Fcategories&post=2012"},{"taxonomy":"post_tag","embeddable":true,"href":"https:\/\/cooltv.cl\/index.php?rest_route=%2Fwp%2Fv2%2Ftags&post=2012"}],"curies":[{"name":"wp","href":"https:\/\/api.w.org\/{rel}","templated":true}]}}