{"id":2073,"date":"2025-05-22T13:40:34","date_gmt":"2025-05-22T16:40:34","guid":{"rendered":"https:\/\/cooltv.cl\/?p=2073"},"modified":"2025-05-22T13:40:34","modified_gmt":"2025-05-22T16:40:34","slug":"concurso-fotografico-ojo-de-pez-anuncia-nueva-version","status":"publish","type":"post","link":"https:\/\/cooltv.cl\/?p=2073","title":{"rendered":"Concurso Fotogr\u00e1fico Ojo de Pez anuncia nueva versi\u00f3n"},"content":{"rendered":"<p><b>La convocatoria estar\u00e1 abierta hasta el 24 de junio y premiar\u00e1 14 obras que capturen paisajes, especies, actividades humanas y amenazas que marcan la vida de los ecosistemas acu\u00e1ticos de Chile.<\/b><\/p>\n<p>&nbsp;<\/p>\n<p><span style=\"font-weight: 400;\">En una actividad realizada en el auditorio del Edificio Emilio Pug\u00edn de la Universidad Austral de Chile (UACh) se llev\u00f3 a cabo el lanzamiento de la duod\u00e9cima versi\u00f3n del <\/span><a href=\"https:\/\/ojopez.cl\/\"><span style=\"font-weight: 400;\">Concurso Fotogr\u00e1fico Ojo de Pez<\/span><\/a><span style=\"font-weight: 400;\">.\u00a0 La iniciativa organizada por el <\/span><a href=\"https:\/\/centroideal.cl\/\"><span style=\"font-weight: 400;\">Centro de Investigaci\u00f3n Din\u00e1mica de Ecosistemas Marinos de Altas Latitudes<\/span><\/a><span style=\"font-weight: 400;\"> (IDEAL) y el <\/span><a href=\"https:\/\/ciencias.uach.cl\/icml\/\"><span style=\"font-weight: 400;\">Instituto de Ciencias Marinas y Limnol\u00f3gicas<\/span><\/a><span style=\"font-weight: 400;\"> (ICML) tiene por objetivo visibilizar la riqueza y fragilidad de los ecosistemas acu\u00e1ticos en Chile para generar conciencia por medio de la fotograf\u00eda.<\/span><\/p>\n<p>&nbsp;<\/p>\n<p><span style=\"font-weight: 400;\">La presentaci\u00f3n del Concurso Ojo de Pez 2025 estuvo a cargo del Dr. Jos\u00e9 Garc\u00e9s-Vargas, ocean\u00f3grafo f\u00edsico, investigador del Centro IDEAL, acad\u00e9mico del ICML y coordinador de la iniciativa.\u00a0<\/span><\/p>\n<p>&nbsp;<\/p>\n<p><span style=\"font-weight: 400;\">\u201cEn estos once a\u00f1os, hemos sido testigos de c\u00f3mo el concurso ha inspirado a nuevas generaciones de fot\u00f3grafos de naturaleza, fomentando una mirada m\u00e1s atenta y respetuosa hacia el mundo natural. Creemos firmemente que Ojo de Pez ha contribuido significativamente a construir una ciudadan\u00eda m\u00e1s informada y comprometida con la protecci\u00f3n de nuestro patrimonio natural\u201d, asegur\u00f3.<\/span><\/p>\n<p>&nbsp;<\/p>\n<p><span style=\"font-weight: 400;\">En esta nueva versi\u00f3n del concurso se invita a la comunidad no solo a participar sino tambi\u00e9n a reflexionar sobre el rol que todos y todas ejercen en torno a la preservaci\u00f3n del medio ambiente.\u00a0<\/span><\/p>\n<p>&nbsp;<\/p>\n<p><span style=\"font-weight: 400;\">\u201cA trav\u00e9s de la fuerza visual de las fotograf\u00edas, hemos logrado despertar la curiosidad y el asombro por la biodiversidad \u00fanica de nuestro pa\u00eds. Es gratificante observar c\u00f3mo el p\u00fablico no solo se maravilla con el alto nivel de endemismo que existe en Chile, sino que tambi\u00e9n comienza a comprender la fragilidad de estos entornos y la importancia de su conservaci\u00f3n\u201d, asegura el Dr. Garc\u00e9s-Vargas.<\/span><\/p>\n<p>&nbsp;<\/p>\n<p><b>C\u00f3mo participar<\/b><\/p>\n<p>&nbsp;<\/p>\n<p><span style=\"font-weight: 400;\">El concurso est\u00e1 abierto a todas las personas mayores de 18 a\u00f1os que cuenten con Rut chileno. Para participar, es necesario completar el formulario disponible en el sitio web ojopez.cl. La fecha l\u00edmite para la recepci\u00f3n de fotograf\u00edas ser\u00e1 el 24 de junio a las 16 horas (hora local de Chile continental, UTC-4).<\/span><\/p>\n<p>&nbsp;<\/p>\n<p><span style=\"font-weight: 400;\">Las fotograf\u00edas deben estar en formato JPG, en color o en blanco y negro, con un peso m\u00ednimo de 5 MB y m\u00e1ximo de 15 MB. No se aceptar\u00e1n im\u00e1genes con marcas de agua, nombres o pseud\u00f3nimos visibles, ni aquellas que hayan sido generadas mediante inteligencia artificial, escaneadas o que correspondan a fotomontajes.<\/span><\/p>\n<p>&nbsp;<\/p>\n<p><span style=\"font-weight: 400;\">El jurado de esta versi\u00f3n est\u00e1 compuesto por especialistas en divulgaci\u00f3n cient\u00edfica y fotograf\u00eda: N\u00e9lida Pohl, Nadia Politis, Cristi\u00e1n Campos Melo, Eduardo Sorensen y Patricio Riquelme Fagerstr\u00f6m.<\/span><\/p>\n<p>&nbsp;<\/p>\n<p><span style=\"font-weight: 400;\">Ojo de Pez cuenta con el valioso auspicio de la <\/span><a href=\"https:\/\/ciencias.uach.cl\/\"><span style=\"font-weight: 400;\">Facultad de Ciencias de la UACh<\/span><\/a><span style=\"font-weight: 400;\">, el proyecto Ciencia para la Innovaci\u00f3n 2030 (Consorcio Sur-Subant\u00e1rtico (<\/span><a href=\"https:\/\/ciencia2030.cl\/\"><span style=\"font-weight: 400;\">Ci2030<\/span><\/a><span style=\"font-weight: 400;\">), el Proyecto Fondecyt 1241571 y <\/span><a href=\"https:\/\/www.instagram.com\/cienciainquieta\/\"><span style=\"font-weight: 400;\">Ciencia Inquieta<\/span><\/a><span style=\"font-weight: 400;\">. Adem\u00e1s, colaboran activamente la <\/span><a href=\"http:\/\/www.corallina.cl\/\"><span style=\"font-weight: 400;\">Fundaci\u00f3n Corallina<\/span><\/a><span style=\"font-weight: 400;\"> y el <\/span><a href=\"http:\/\/www.museosaustral.cl\/museo-de-la-exploracion-r-a-philippi\/\"><span style=\"font-weight: 400;\">Museo de Exploraci\u00f3n R. A. Philippi de la UACh<\/span><\/a><span style=\"font-weight: 400;\">.<\/span><\/p>\n<p>&nbsp;<\/p>\n<p><span style=\"font-weight: 400;\">Para conocer m\u00e1s detalles revisa las bases del concurso disponibles <\/span><a href=\"https:\/\/ojopez.cl\/wp-content\/uploads\/Bases_Concurso_Ojo_de_Pez_2025.pdf\"><span style=\"font-weight: 400;\">aqu\u00ed<\/span><\/a><span style=\"font-weight: 400;\">.<\/span><span style=\"font-weight: 400;\">\u00a0<\/span><\/p>\n<p>&nbsp;<\/p>\n","protected":false},"excerpt":{"rendered":"<p>La convocatoria estar\u00e1 abierta hasta el 24 de junio y premiar\u00e1 14 obras que capturen paisajes, especies, actividades humanas y amenazas que marcan la vida de los ecosistemas acu\u00e1ticos de Chile. &nbsp; En una actividad realizada en el auditorio del Edificio Emilio Pug\u00edn de la Universidad Austral de Chile (UACh) se llev\u00f3 a cabo el&#8230;<\/p>\n","protected":false},"author":2,"featured_media":2074,"comment_status":"open","ping_status":"closed","sticky":false,"template":"","format":"standard","meta":{"footnotes":""},"categories":[1],"tags":[],"class_list":["post-2073","post","type-post","status-publish","format-standard","has-post-thumbnail","hentry","category-uncategorized"],"jetpack_featured_media_url":"https:\/\/cooltv.cl\/wp-content\/uploads\/2025\/05\/2.png","_links":{"self":[{"href":"https:\/\/cooltv.cl\/index.php?rest_route=\/wp\/v2\/posts\/2073","targetHints":{"allow":["GET"]}}],"collection":[{"href":"https:\/\/cooltv.cl\/index.php?rest_route=\/wp\/v2\/posts"}],"about":[{"href":"https:\/\/cooltv.cl\/index.php?rest_route=\/wp\/v2\/types\/post"}],"author":[{"embeddable":true,"href":"https:\/\/cooltv.cl\/index.php?rest_route=\/wp\/v2\/users\/2"}],"replies":[{"embeddable":true,"href":"https:\/\/cooltv.cl\/index.php?rest_route=%2Fwp%2Fv2%2Fcomments&post=2073"}],"version-history":[{"count":1,"href":"https:\/\/cooltv.cl\/index.php?rest_route=\/wp\/v2\/posts\/2073\/revisions"}],"predecessor-version":[{"id":2075,"href":"https:\/\/cooltv.cl\/index.php?rest_route=\/wp\/v2\/posts\/2073\/revisions\/2075"}],"wp:featuredmedia":[{"embeddable":true,"href":"https:\/\/cooltv.cl\/index.php?rest_route=\/wp\/v2\/media\/2074"}],"wp:attachment":[{"href":"https:\/\/cooltv.cl\/index.php?rest_route=%2Fwp%2Fv2%2Fmedia&parent=2073"}],"wp:term":[{"taxonomy":"category","embeddable":true,"href":"https:\/\/cooltv.cl\/index.php?rest_route=%2Fwp%2Fv2%2Fcategories&post=2073"},{"taxonomy":"post_tag","embeddable":true,"href":"https:\/\/cooltv.cl\/index.php?rest_route=%2Fwp%2Fv2%2Ftags&post=2073"}],"curies":[{"name":"wp","href":"https:\/\/api.w.org\/{rel}","templated":true}]}}