{"id":2089,"date":"2025-05-26T13:34:03","date_gmt":"2025-05-26T16:34:03","guid":{"rendered":"https:\/\/cooltv.cl\/?p=2089"},"modified":"2025-05-26T13:34:03","modified_gmt":"2025-05-26T16:34:03","slug":"gobernador-cuvertino-rinde-cuenta-publica-2024-y-proyecta-desafios-para-el-proximo-periodo-de-gestion","status":"publish","type":"post","link":"https:\/\/cooltv.cl\/?p=2089","title":{"rendered":"Gobernador Cuvertino rinde cuenta p\u00fablica 2024 y proyecta desaf\u00edos para el pr\u00f3ximo periodo de gesti\u00f3n"},"content":{"rendered":"<p><em>La autoridad hizo una evaluaci\u00f3n de su primer periodo de gesti\u00f3n ante el plenario del Consejo Regional de Los R\u00edos y, plante\u00f3 los nuevos desaf\u00edos para el periodo 2025-2029.<\/em><\/p>\n<p>En el Teatro Regional Cervantes, el Gobernador Regional Luis Cuvertino G\u00f3mez, rindi\u00f3 su cuarta cuenta p\u00fablica como el primer Gobernador Regional electo democr\u00e1ticamente por la ciudadan\u00eda. En su relato, la autoridad regional hizo un balance de la gesti\u00f3n realizada durante el 2024, junto al Consejo Regional de Los R\u00edos, instancia donde nuevamente recalc\u00f3 la importancia de avanzar en el proceso de regionalizaci\u00f3n y abord\u00f3 los cinco ejes de acci\u00f3n para su segundo periodo: seguridad; desarrollo productivo e inversi\u00f3n sostenible; acceso a la vivienda y calidad de los barrios; sustentabilidad y; buen vivir para todas y todos.<\/p>\n<p>La ceremonia se realiz\u00f3 en el contexto de la sesi\u00f3n extraordinaria N\u00b0139 del CORE, de acuerdo a la Ley 19.175, que se\u00f1ala que el Gobernador en el mes de mayo de cada a\u00f1o, debe dar cuenta al Consejo Regional de su gesti\u00f3n como ejecutivo regional.<\/p>\n<p>Acompa\u00f1aron al Gobernador Cuvertino, el Delegado Presidencial Regional, Jorge Alvial; los parlamentarios Ana Mar\u00eda Bravo, Patricio Rosas y Marcos Ilabaca; representantes de las Fuerzas Armadas, de Orden y Seguridad P\u00fablica, autoridades ancestrales, alcaldes de la regi\u00f3n, secretarios regionales ministeriales, organizaciones, dirigentes y dirigentas de la sociedad civil organizada.<\/p>\n<p>El Gobernador dio a conocer la ejecuci\u00f3n de los recursos del Gobierno Regional que, durante el a\u00f1o 2024, alcanzaron los $52 mil 461 millones. Entre las \u00e1reas de inversi\u00f3n enfatizadas por el Gobernador, destacan seguridad con $2.169 millones; pesca con $2.438 millones; vivienda y desarrollo urbano con $3.488 millones; deportes con $3.793 millones; salud con $6.486 millones y transportes con $11.542 millones con cargo al Programa de Inversi\u00f3n Regional del Gobierno Regional.<\/p>\n<p>Otro de los aspectos resaltados por la autoridad, fue la dificultad para ejecutar el gasto, debido a las trabas presupuestarias, normativas y de procedimiento impuestas por el nivel central. Reconociendo eso s\u00ed que la construcci\u00f3n del Presupuesto 2025 es m\u00e1s amigable con disponibilidad de glosas facilitadoras y una mayor comprensi\u00f3n pol\u00edtica y administrativa del proceso de Regionalizaci\u00f3n.<\/p>\n<p>\u201cEl a\u00f1o 2024 fue muy complejo para el proceso de regionalizaci\u00f3n en el pa\u00eds, felizmente han pasado los meses y hay una mirada distinta desde el Parlamento y eso nos permitir\u00e1 tener mejores condiciones, no solamente para efectos del gasto, sino para distintas iniciativas que los Gobiernos Regionales estamos implementando. Estamos retomando las obras pendientes que nos golpearon fuertemente, adem\u00e1s estamos abriendo opciones a programas m\u00e1s sociales, con enfoque en el desarrollo humano y la vida en comunidad. Tenemos grandes brechas que atender y sobre eso tenemos que seguir trabajando duro. Tenemos una gobernanza institucional de gran coordinaci\u00f3n con todos los servicios p\u00fablicos y una relaci\u00f3n muy cercana con nuestra comunidad y dirigentes sociales, que son en definitiva, los que validan nuestras pol\u00edticas p\u00fablicas y que trabajan silenciosamente para su cumplimiento\u201d.<\/p>\n<p>El Gobernador, adem\u00e1s agreg\u00f3, \u201cmi llamado en este a\u00f1o, que es complejo, por ser a\u00f1o electoral, es a ser capaces de contribuir desde la regi\u00f3n a mantener un clima apropiado, mantener una amistad c\u00edvica, un lenguaje que no provoque porque cuando quebramos la amistad, definitivamente los efectos posteriores son negativos para la convivencia y el desarrollo de la regi\u00f3n\u201d.<\/p>\n<p><strong><em>Consejo Regional de Los R\u00edos<\/em><\/strong><\/p>\n<p>Respecto al balance de trabajo junto al Gobernador Regional, el Consejero Regional y presidente de la bancada de Chile Vamos, Mario Schmeisser indic\u00f3 que, \u201cfue una cuenta p\u00fablica bastante robusta de parte del Gobernador hay que reconocer cada detalle que se ha mencionado, al respecto destacar la ejecuci\u00f3n presupuestaria del Gobierno Regional, cerca del 98% que la deja sexta a nivel pa\u00eds. Tambi\u00e9n hay que hacer alusi\u00f3n a algo muy importante estamos hablando de 52 mil millones sobre un presupuesto de 72 mil que estaba presupuestado para la regi\u00f3n, es decir casi 20 mil millones menos que no llegaron a la regi\u00f3n y ese es un tema que, como consejeros y bancaba de derecha lo hemos se\u00f1alado y estamos haciendo seguimiento para que este a\u00f1o no vuelva a suceder\u00bb.<\/p>\n<p>El Consejero Regional, H\u00e9ctor Pacheco en tanto, destac\u00f3 que, \u00abvamos a seguir trabajando juntos por el desarrollo de nuestra regi\u00f3n. Sin embargo, es importante expresar nuestra preocupaci\u00f3n por los recortes presupuestarios que ha aplicado el Ministerio de Hacienda, los que ya suman cerca de 6.000 millones de pesos, afectando directamente nuestra capacidad de inversi\u00f3n regional. Esta situaci\u00f3n se la hemos planteado a la Direcci\u00f3n de Presupuestos, y tambi\u00e9n estamos impulsando gestiones a trav\u00e9s de nuestra Asociaci\u00f3n Nacional de Consejeros Regionales y en conjunto con la Asociaci\u00f3n de Gobernadores Regionales, para que no se sigan aplicando recortes que consideramos injustos y antit\u00e9cnicos. Esperamos que el gobierno central escuche esta demanda y garantice una distribuci\u00f3n m\u00e1s equitativa de los recursos.\u00bb<\/p>\n<p><strong><em>Programa de Inversi\u00f3n Regional 2024<\/em><\/strong><\/p>\n<p>En los proyectos de impacto regional, la autoridad destac\u00f3, la inversi\u00f3n en materia de Seguridad, como la adquisici\u00f3n de dos cuarteles m\u00f3viles para la Primera Comisar\u00eda de Carabineros de Valdivia destinados a los sectores de Guacamayo y Las \u00c1nimas; la adquisici\u00f3n de elementos de seguridad para Gendarmer\u00eda de Chile; veh\u00edculos y equipamiento para la alcald\u00eda de mar m\u00f3vil y veh\u00edculos blindados para la PDI. Adem\u00e1s de la compra de equipamiento avanzado para el Laboratorio de Criminal\u00edstica (LACRIM).<\/p>\n<p>Detall\u00f3, adem\u00e1s la inauguraci\u00f3n del Mejoramiento Ruta T-390 Mulp\u00fan \u2013 M\u00e1fil y el Mejoramiento de la Caleta Niebla.<\/p>\n<p>En el \u00e1mbito del desarrollo Productivo e Inversi\u00f3n Sostenible, se relev\u00f3 el programa Fortalecimiento Agricultura Familiar Campesina (INDAP); la Reactivaci\u00f3n del Turismo Regional y el Centro Tecnol\u00f3gico de Biotecnolog\u00eda para la Sostenibilidad.<\/p>\n<p>En cuanto al acceso a la Vivienda y Barrios de Calidad, se destaca el Mejoramiento Viviendas Rurales \u2013 Programa FOSIS; la Recuperaci\u00f3n Plazas Pedro de Valdivia y Plaza Chile de la capital regional; la ampliaci\u00f3n de la Red de Agua Potable el Cun-Cun, comuna de Futrono.<\/p>\n<p>En el \u00e1mbito de Sustentabilidad y Medio Ambiente, se recalc\u00f3 la Estrategia Regional de Residuos y Econom\u00eda Circular, la adquisici\u00f3n de camiones recolectores de Residuos y las subvenciones FNDR de Medio Ambiente.<\/p>\n<p>En materia de salud, seg\u00fan detall\u00f3 la autoridad, se han invertido $6.486 millones. En ello, destac\u00f3 el Programa de Resoluci\u00f3n de Listas de Espera; reposici\u00f3n de la Posta de Salud Rural de Crucero en R\u00edo Bueno; Construcci\u00f3n SAR de Futrono; Reposici\u00f3n de la Posta de Salud Rural de Alepue en Mariquina; Construcci\u00f3n del CESFAM Lautaro Caro R\u00edos de la comuna de Paillaco y adquisici\u00f3n de 12 camionetas y ambulancias destinadas a los CESFAM municipales.<\/p>\n<p>Finalmente, la m\u00e1xima autoridad regional resalt\u00f3 la reactivaci\u00f3n de nueve obras que estaban paralizadas tras los efectos de la pandemia como la Escuela Fusionada en la comuna de Los Lagos; el Cuartel de Bomberos de Malalhue en Lanco; la subcomisar\u00eda de Carabineros en Mariquina; las postas de salud rural en Chaihu\u00edn en Corral y, de Traigu\u00e9n y Los Esteros en La Uni\u00f3n.<\/p>\n","protected":false},"excerpt":{"rendered":"<p>La autoridad hizo una evaluaci\u00f3n de su primer periodo de gesti\u00f3n ante el plenario del Consejo Regional de Los R\u00edos y, plante\u00f3 los nuevos desaf\u00edos para el periodo 2025-2029. En el Teatro Regional Cervantes, el Gobernador Regional Luis Cuvertino G\u00f3mez, rindi\u00f3 su cuarta cuenta p\u00fablica como el primer Gobernador Regional electo democr\u00e1ticamente por la ciudadan\u00eda&#8230;.<\/p>\n","protected":false},"author":2,"featured_media":2090,"comment_status":"open","ping_status":"closed","sticky":false,"template":"","format":"standard","meta":{"footnotes":""},"categories":[1],"tags":[],"class_list":["post-2089","post","type-post","status-publish","format-standard","has-post-thumbnail","hentry","category-uncategorized"],"jetpack_featured_media_url":"https:\/\/cooltv.cl\/wp-content\/uploads\/2025\/05\/Cuenta-Pu\u0301blica_GORE-2024.jpeg","_links":{"self":[{"href":"https:\/\/cooltv.cl\/index.php?rest_route=\/wp\/v2\/posts\/2089","targetHints":{"allow":["GET"]}}],"collection":[{"href":"https:\/\/cooltv.cl\/index.php?rest_route=\/wp\/v2\/posts"}],"about":[{"href":"https:\/\/cooltv.cl\/index.php?rest_route=\/wp\/v2\/types\/post"}],"author":[{"embeddable":true,"href":"https:\/\/cooltv.cl\/index.php?rest_route=\/wp\/v2\/users\/2"}],"replies":[{"embeddable":true,"href":"https:\/\/cooltv.cl\/index.php?rest_route=%2Fwp%2Fv2%2Fcomments&post=2089"}],"version-history":[{"count":1,"href":"https:\/\/cooltv.cl\/index.php?rest_route=\/wp\/v2\/posts\/2089\/revisions"}],"predecessor-version":[{"id":2091,"href":"https:\/\/cooltv.cl\/index.php?rest_route=\/wp\/v2\/posts\/2089\/revisions\/2091"}],"wp:featuredmedia":[{"embeddable":true,"href":"https:\/\/cooltv.cl\/index.php?rest_route=\/wp\/v2\/media\/2090"}],"wp:attachment":[{"href":"https:\/\/cooltv.cl\/index.php?rest_route=%2Fwp%2Fv2%2Fmedia&parent=2089"}],"wp:term":[{"taxonomy":"category","embeddable":true,"href":"https:\/\/cooltv.cl\/index.php?rest_route=%2Fwp%2Fv2%2Fcategories&post=2089"},{"taxonomy":"post_tag","embeddable":true,"href":"https:\/\/cooltv.cl\/index.php?rest_route=%2Fwp%2Fv2%2Ftags&post=2089"}],"curies":[{"name":"wp","href":"https:\/\/api.w.org\/{rel}","templated":true}]}}