{"id":2092,"date":"2025-05-28T14:19:52","date_gmt":"2025-05-28T17:19:52","guid":{"rendered":"https:\/\/cooltv.cl\/?p=2092"},"modified":"2025-05-28T14:19:52","modified_gmt":"2025-05-28T17:19:52","slug":"las-cooperativas-y-la-asociatividad-siguen-en-alza","status":"publish","type":"post","link":"https:\/\/cooltv.cl\/?p=2092","title":{"rendered":"Las cooperativas y la asociatividad siguen en alza"},"content":{"rendered":"<p><i><span style=\"font-weight: 400;\">La cantidad de este tipo de organizaciones aument\u00f3 un 12,6% con respecto a abril de 2025, siendo la Metropolitana, La Araucan\u00eda y Valpara\u00edso las regiones que m\u00e1s crecieron a nivel nacional. Cabe destacar que actualmente existen m\u00e1s de dos millones de socias y socios en el pa\u00eds.\u00a0<\/span><\/i><\/p>\n<p><span style=\"font-weight: 400;\">La <\/span><b>Divisi\u00f3n de Asociatividad y Cooperativas (DAES)<\/b> <b>del Ministerio de Econom\u00eda, Fomento y Turismo<\/b><span style=\"font-weight: 400;\"> lanz\u00f3 la \u00faltima edici\u00f3n de su bolet\u00edn estad\u00edstico, donde revel\u00f3 las \u00faltimas cifras de las cooperativas, asociaciones gremiales y asociaciones de consumidores existentes en el pa\u00eds.\u00a0<\/span><\/p>\n<p><span style=\"font-weight: 400;\">Seg\u00fan datos de la DAES, a abril de este a\u00f1o hay <\/span><b>2.159 cooperativas vigentes y activas<\/b><span style=\"font-weight: 400;\">, estas organizaciones presentaron un crecimiento de un <\/span><b>12,6% en relaci\u00f3n con el mismo mes en 2024<\/b><span style=\"font-weight: 400;\">, fecha en la que se contabilizaban 1.918. Este aumento se genera principalmente por el aumento de cooperativas en rubros de\u00a0servicios\u00a0(93),\u00a0producci\u00f3n y trabajo\u00a0(71) y\u00a0otros sectores\u00a0(60). Mientras que las regiones en donde m\u00e1s se increment\u00f3 el n\u00famero fueron la\u00a0Metropolitana (54), La Araucan\u00eda (37), Valpara\u00edso (26).\u00a0<\/span><\/p>\n<p><span style=\"font-weight: 400;\">Con respecto a las asociaciones gremiales, estas tambi\u00e9n presentaron un incremento en sus cifras, ya que actualmente el n\u00famero asciende a 3.903 vigentes y activas, lo que representa un aumento del 7,5% con respecto a abril de 2024 cuando eran 3.630. En cuanto a las asociaciones de consumidores, los n\u00fameros tambi\u00e9n aumentaron, ya que hoy son 101 organizaciones y hace un a\u00f1o se contabilizaban 98, esto se tradujo en un incremento interanual del 3,1%.\u00a0<\/span><\/p>\n<p><span style=\"font-weight: 400;\">En relaci\u00f3n con la importancia del alza en estos n\u00fameros, el jefe de la DAES, Juan Jos\u00e9 Montes, asegur\u00f3 que: \u201cEsto demuestra que existe un acercamiento de la sociedad con estos modelos que ponen al centro a las personas y nos demuestra, adem\u00e1s, que hay un despertar de la sociedad que toma el modelo cooperativo y la asociatividad como un modelo \u00fatil para alcanzar sus objetivos. Las personas saben que deben estar con otros y otras para llegar m\u00e1s lejos, y son las cooperativas y las asociaciones maneras para desarrollar proyectos de todo tipo con alcances econ\u00f3micos como sociales y medioambientales, con una mirada sostenible y de futuro.\u201d<\/span><\/p>\n<p><span style=\"font-weight: 400;\">Conforme a las cifras, las <\/span><b>cooperativas son las organizaciones que presentan un mayor aumento desde abril de 2024 a la fecha, lo cual tambi\u00e9n se da en el \u00edtem de cantidad de asociadas y asociados, ya que en la actualidad son 2.160.045.<\/b><span style=\"font-weight: 400;\"> La base societaria de las asociaciones gremiales es de 486.551, mientras que las asociaciones de consumidores cuentan con 3.146 personas.\u00a0<\/span><\/p>\n<p><span style=\"font-weight: 400;\">Al respecto la Seremi de Econom\u00eda, Fomento y Turismo de Los R\u00edos, Alejandra V\u00e1squez, destac\u00f3 las cifras, se\u00f1alando que en temas de cooperativas son 119 las que se encuentran vigentes y activas en la regi\u00f3n, con una participaci\u00f3n de m\u00e1s de 50 mil los socios y socias. La autoridad enfatiz\u00f3 que \u201ccomo gobierno del Presidente Boric estamos trabajando fuertemente en las cooperativas porque es la forma de desarrollar una econom\u00eda sostenible y centrada en las personas, en el bienestar y en el trabajo colaborativo. Por eso en las pr\u00f3ximas semanas, estaremos comenzando una iniciativa emblem\u00e1tica de la regi\u00f3n que inyectar\u00e1, gracias al compromiso del Gobierno Regional, 1200 millones de pesos en capacitaci\u00f3n, asesor\u00eda y fortalecimiento de 80 cooperativas de Los R\u00edos.\u201d\u00a0<\/span><\/p>\n<p><span style=\"font-weight: 400;\">Cabe destacar que, la <\/span><b>Divisi\u00f3n de Asociatividad y Cooperativas<\/b><span style=\"font-weight: 400;\"> pertenece a la Subsecretar\u00eda de Econom\u00eda y Empresas de Menor Tama\u00f1o del Ministerio de Econom\u00eda, Fomento y Turismo, <\/span><b>y tiene por objetivo fiscalizar cooperativas seg\u00fan el marco legal que las rige, adem\u00e1s de organizar y gestionar iniciativas en favor de estas instituciones. <\/b><span style=\"font-weight: 400;\">Otro de sus objetivos es capacitar a funcionarios p\u00fablicos y a la ciudadan\u00eda sobre el funcionamiento y marco legal de cooperativas, asociaciones gremiales y de consumidores.<\/span><\/p>\n<p><span style=\"font-weight: 400;\">Para revisar el bolet\u00edn estad\u00edstico completo, puedes ingresar a la web de la <\/span><a href=\"https:\/\/asociatividad.economia.cl\/estadisticas\/\"><span style=\"font-weight: 400;\">DAES<\/span><\/a><span style=\"font-weight: 400;\">.\u00a0<\/span><\/p>\n<p>&nbsp;<\/p>\n","protected":false},"excerpt":{"rendered":"<p>La cantidad de este tipo de organizaciones aument\u00f3 un 12,6% con respecto a abril de 2025, siendo la Metropolitana, La Araucan\u00eda y Valpara\u00edso las regiones que m\u00e1s crecieron a nivel nacional. Cabe destacar que actualmente existen m\u00e1s de dos millones de socias y socios en el pa\u00eds.\u00a0 La Divisi\u00f3n de Asociatividad y Cooperativas (DAES) del&#8230;<\/p>\n","protected":false},"author":2,"featured_media":2093,"comment_status":"open","ping_status":"closed","sticky":false,"template":"","format":"standard","meta":{"footnotes":""},"categories":[1],"tags":[],"class_list":["post-2092","post","type-post","status-publish","format-standard","has-post-thumbnail","hentry","category-uncategorized"],"jetpack_featured_media_url":"https:\/\/cooltv.cl\/wp-content\/uploads\/2025\/05\/Imagen-de-WhatsApp-2025-05-27-a-las-16.27.04_e5f421c7.jpg","_links":{"self":[{"href":"https:\/\/cooltv.cl\/index.php?rest_route=\/wp\/v2\/posts\/2092","targetHints":{"allow":["GET"]}}],"collection":[{"href":"https:\/\/cooltv.cl\/index.php?rest_route=\/wp\/v2\/posts"}],"about":[{"href":"https:\/\/cooltv.cl\/index.php?rest_route=\/wp\/v2\/types\/post"}],"author":[{"embeddable":true,"href":"https:\/\/cooltv.cl\/index.php?rest_route=\/wp\/v2\/users\/2"}],"replies":[{"embeddable":true,"href":"https:\/\/cooltv.cl\/index.php?rest_route=%2Fwp%2Fv2%2Fcomments&post=2092"}],"version-history":[{"count":1,"href":"https:\/\/cooltv.cl\/index.php?rest_route=\/wp\/v2\/posts\/2092\/revisions"}],"predecessor-version":[{"id":2094,"href":"https:\/\/cooltv.cl\/index.php?rest_route=\/wp\/v2\/posts\/2092\/revisions\/2094"}],"wp:featuredmedia":[{"embeddable":true,"href":"https:\/\/cooltv.cl\/index.php?rest_route=\/wp\/v2\/media\/2093"}],"wp:attachment":[{"href":"https:\/\/cooltv.cl\/index.php?rest_route=%2Fwp%2Fv2%2Fmedia&parent=2092"}],"wp:term":[{"taxonomy":"category","embeddable":true,"href":"https:\/\/cooltv.cl\/index.php?rest_route=%2Fwp%2Fv2%2Fcategories&post=2092"},{"taxonomy":"post_tag","embeddable":true,"href":"https:\/\/cooltv.cl\/index.php?rest_route=%2Fwp%2Fv2%2Ftags&post=2092"}],"curies":[{"name":"wp","href":"https:\/\/api.w.org\/{rel}","templated":true}]}}