{"id":2195,"date":"2025-06-23T13:29:27","date_gmt":"2025-06-23T16:29:27","guid":{"rendered":"https:\/\/cooltv.cl\/?p=2195"},"modified":"2025-06-23T13:29:27","modified_gmt":"2025-06-23T16:29:27","slug":"municipio-de-lago-ranco-potencia-su-plan-de-invierno-2025-para-asegurar-calefaccion-segura-y-eficiente","status":"publish","type":"post","link":"https:\/\/cooltv.cl\/?p=2195","title":{"rendered":"Municipio de Lago Ranco Potencia su Plan de Invierno 2025  para Asegurar Calefacci\u00f3n Segura y Eficiente"},"content":{"rendered":"<p><i><span style=\"font-weight: 400;\">El plan contempla los servicios de limpieza y reparaci\u00f3n de ca\u00f1ones as\u00ed como\u00a0<\/span><\/i><\/p>\n<p><i><span style=\"font-weight: 400;\">la entrega de le\u00f1a.<\/span><\/i><\/p>\n<p><span style=\"font-weight: 400;\">El Municipio de Lago Ranco se encuentra en pleno desarrollo de su Plan de Invierno<\/span> <span style=\"font-weight: 400;\">2025<\/span><b>,<\/b><span style=\"font-weight: 400;\"> una iniciativa que desde 2019 ha brindado apoyo fundamental a miles de hogares. El programa, que incluye limpieza y reparaci\u00f3n de ca\u00f1ones de estufas, adem\u00e1s de la entrega de le\u00f1a<\/span><b>, <\/b><span style=\"font-weight: 400;\">busca garantizar calefacci\u00f3n segura y prevenir accidentes. Consolid\u00e1ndose como una pol\u00edtica p\u00fablica permanente, el plan ampl\u00eda su cobertura y optimiza sus servicios a\u00f1o tras a\u00f1o.<\/span><\/p>\n<p><span style=\"font-weight: 400;\">Desde su implementaci\u00f3n, la limpieza y reparaci\u00f3n de ca\u00f1ones ha beneficiado a cerca de 2.000 hogares, asegurando un funcionamiento eficiente y seguro de los sistemas de calefacci\u00f3n. Adem\u00e1s, desde 2023, el plan incorpor\u00f3 la entrega de le\u00f1a<\/span><b>,<\/b><span style=\"font-weight: 400;\"> distribuyendo a la fecha m\u00e1s de 600 metros a familias de toda la comuna.<\/span><\/p>\n<h3><b>Un Compromiso Creciente con la Comunidad<\/b><\/h3>\n<p><span style=\"font-weight: 400;\">El alcalde Miguel Meza Shwenke resalt\u00f3 el impacto y la expansi\u00f3n del Plan de Invierno. \u201cHemos venido a acompa\u00f1ar al contratista de los trabajos hasta el sector de Carr\u00e1n Chico, donde est\u00e1 atendiendo a dos vecinos, quienes tambi\u00e9n son parte de nuestro Plan de Invierno. Este programa beneficia principalmente a adultos mayores que no tienen redes de apoyo<\/span><b>.<\/b><span style=\"font-weight: 400;\"> Considera tres l\u00edneas de acci\u00f3n: la limpieza y, si es necesario, el cambio del kit de ca\u00f1ones, y hace dos a\u00f1os incluimos la entrega de le\u00f1a\u201d.<\/span><\/p>\n<p><span style=\"font-weight: 400;\">El alcalde Meza enfatiz\u00f3 el progreso del programa. \u201cComenzamos con la limpieza de ca\u00f1ones hace seis a\u00f1os atendiendo a 89 familias, y a\u00f1o a a\u00f1o hemos avanzado hasta el punto de que este a\u00f1o llegaremos a 510 casas. Esto da cuenta del impacto que tiene el programa y la gesti\u00f3n que hemos realizado para inyectar cada a\u00f1o m\u00e1s recursos. Aqu\u00ed estamos salvando casas, hemos disminuido los incendios estructurales y, por qu\u00e9 no decirlo, salvado vidas\u201d.<\/span><\/p>\n<h3><b>Alcance Comunal y Foco en la Prevenci\u00f3n<\/b><\/h3>\n<p><span style=\"font-weight: 400;\">C\u00e9sar Nahuelp\u00e1n, contratista a cargo de la ejecuci\u00f3n, detall\u00f3 la vasta extensi\u00f3n geogr\u00e1fica del plan. \u201cEl programa se despliega por toda la comuna, desde La Junta hasta Rupumeica Alto y Bajo, que son los sectores m\u00e1s extremos. Generalmente, este programa se basa en la mantenci\u00f3n de los ca\u00f1ones, dirigido especialmente a familias de adultos mayores y personas con discapacidad\u201d. Nahuelp\u00e1n tambi\u00e9n subray\u00f3 la importancia de la mantenci\u00f3n, se\u00f1alando que \u201cdurante estos seis a\u00f1os que llevamos, nos hemos encontrado con casos de suma urgencia, donde nos ha tocado que los ca\u00f1ones al tocarlos se desarman\u201d.\u00a0<\/span><\/p>\n<p><span style=\"font-weight: 400;\">La implementaci\u00f3n de este programa se fundamenta en la necesidad de asistir a hogares liderados por adultos mayores y aquellos con personas en situaci\u00f3n de discapacidad. Se busca activamente la prevenci\u00f3n de incendios en estas viviendas de escasos recursos, donde la calefacci\u00f3n predominante es a trav\u00e9s de estufas a le\u00f1a y combusti\u00f3n lenta.<\/span><\/p>\n<p><span style=\"font-weight: 400;\">El Plan de Invierno 2025 reafirma el compromiso del Municipio de Lago Ranco con el bienestar y la seguridad de sus habitantes, especialmente de los sectores m\u00e1s vulnerables.<\/span><\/p>\n<p>&nbsp;<\/p>\n","protected":false},"excerpt":{"rendered":"<p>El plan contempla los servicios de limpieza y reparaci\u00f3n de ca\u00f1ones as\u00ed como\u00a0 la entrega de le\u00f1a. El Municipio de Lago Ranco se encuentra en pleno desarrollo de su Plan de Invierno 2025, una iniciativa que desde 2019 ha brindado apoyo fundamental a miles de hogares. El programa, que incluye limpieza y reparaci\u00f3n de ca\u00f1ones&#8230;<\/p>\n","protected":false},"author":2,"featured_media":2196,"comment_status":"open","ping_status":"closed","sticky":false,"template":"","format":"standard","meta":{"footnotes":""},"categories":[1],"tags":[],"class_list":["post-2195","post","type-post","status-publish","format-standard","has-post-thumbnail","hentry","category-uncategorized"],"jetpack_featured_media_url":"https:\/\/cooltv.cl\/wp-content\/uploads\/2025\/06\/Captura-de-pantalla-2025-06-21-a-las-12.21.39.png","_links":{"self":[{"href":"https:\/\/cooltv.cl\/index.php?rest_route=\/wp\/v2\/posts\/2195","targetHints":{"allow":["GET"]}}],"collection":[{"href":"https:\/\/cooltv.cl\/index.php?rest_route=\/wp\/v2\/posts"}],"about":[{"href":"https:\/\/cooltv.cl\/index.php?rest_route=\/wp\/v2\/types\/post"}],"author":[{"embeddable":true,"href":"https:\/\/cooltv.cl\/index.php?rest_route=\/wp\/v2\/users\/2"}],"replies":[{"embeddable":true,"href":"https:\/\/cooltv.cl\/index.php?rest_route=%2Fwp%2Fv2%2Fcomments&post=2195"}],"version-history":[{"count":1,"href":"https:\/\/cooltv.cl\/index.php?rest_route=\/wp\/v2\/posts\/2195\/revisions"}],"predecessor-version":[{"id":2197,"href":"https:\/\/cooltv.cl\/index.php?rest_route=\/wp\/v2\/posts\/2195\/revisions\/2197"}],"wp:featuredmedia":[{"embeddable":true,"href":"https:\/\/cooltv.cl\/index.php?rest_route=\/wp\/v2\/media\/2196"}],"wp:attachment":[{"href":"https:\/\/cooltv.cl\/index.php?rest_route=%2Fwp%2Fv2%2Fmedia&parent=2195"}],"wp:term":[{"taxonomy":"category","embeddable":true,"href":"https:\/\/cooltv.cl\/index.php?rest_route=%2Fwp%2Fv2%2Fcategories&post=2195"},{"taxonomy":"post_tag","embeddable":true,"href":"https:\/\/cooltv.cl\/index.php?rest_route=%2Fwp%2Fv2%2Ftags&post=2195"}],"curies":[{"name":"wp","href":"https:\/\/api.w.org\/{rel}","templated":true}]}}