{"id":2701,"date":"2025-09-24T12:21:48","date_gmt":"2025-09-24T15:21:48","guid":{"rendered":"https:\/\/cooltv.cl\/?p=2701"},"modified":"2025-09-24T12:21:48","modified_gmt":"2025-09-24T15:21:48","slug":"icer-uss-expectativas-para-el-futuro-economico-de-los-rios-salen-de-la-zona-de-pesimismo-tras-seis-anos","status":"publish","type":"post","link":"https:\/\/cooltv.cl\/?p=2701","title":{"rendered":"ICER\u2013USS: Expectativas para el futuro econ\u00f3mico de Los R\u00edos salen de la zona de pesimismo tras seis a\u00f1os"},"content":{"rendered":"<div>El \u00cdndice de Confianza en la Econom\u00eda Regional (ICER) alcanz\u00f3 32 puntos en julio, a\u00fan en zona de pesimismo, pero con una mejora de 4 unidades respecto de 2024.<\/div>\n<div>\n*** Un 31% de los encuestados en Los R\u00edos proyecta que la situaci\u00f3n econ\u00f3mica regional mejorar\u00e1 en los pr\u00f3ximos dos a\u00f1os.<\/div>\n<div>\n*** Inflaci\u00f3n, empleo y bajo consumo siguen siendo las principales preocupaciones: 87% prev\u00e9 alzas de precios, 50% teme mayor desempleo y 73% cree que es un mal momento para comprar vivienda o auto.<\/div>\n<div><\/div>\n<div>*****************<\/div>\n<div><b>\u00a0<\/b><\/div>\n<div><b>Valdivia, septiembre de 2025.<\/b>\u2013 La trig\u00e9sima sexta edici\u00f3n del \u00cdndice de Confianza en la Econom\u00eda Regional (ICER), elaborado por el Centro de Pol\u00edticas P\u00fablicas de la Facultad de Econom\u00eda, Negocios y Gobierno de la Universidad San Sebasti\u00e1n (USS), entrega diversas novedades para la Regi\u00f3n de Los R\u00edos. El estudio, que recogi\u00f3 informaci\u00f3n entre el 15 y 30 de julio, arroj\u00f3 un promedio de 32 puntos sobre un m\u00e1ximo de 100, cifra que mantiene a la regi\u00f3n en terreno pesimista, aunque representa una mejora de cuatro unidades en comparaci\u00f3n con julio de 2024.<\/div>\n<div><\/div>\n<div>El ICER, que desde 2009 mide semestralmente la confianza de los consumidores, se construye a partir de seis variables: situaci\u00f3n econ\u00f3mica personal frente al a\u00f1o anterior; situaci\u00f3n actual de la econom\u00eda nacional; situaci\u00f3n econ\u00f3mica de la regi\u00f3n; expectativas para la econom\u00eda del pa\u00eds a dos a\u00f1os; expectativas para la econom\u00eda regional en igual plazo; y expectativas de consumo de vivienda o autom\u00f3vil.<\/div>\n<div><\/div>\n<div><b>Dos de cada tres hogares se sienten peor que hace un a\u00f1o<\/b><\/div>\n<div>La evaluaci\u00f3n de la situaci\u00f3n actual de la econom\u00eda se mantiene en zona pesimista. El sub\u00edndice que mide la situaci\u00f3n econ\u00f3mica de los hogares alcanz\u00f3 23 puntos, mientras que la percepci\u00f3n sobre la econom\u00eda del pa\u00eds lleg\u00f3 a 26 y la evaluaci\u00f3n de la econom\u00eda regional marc\u00f3 24. En todos los casos, las cifras no muestran se\u00f1ales claras de recuperaci\u00f3n.<\/div>\n<div><\/div>\n<div>A nivel personal y familiar, un 66% de los encuestados declar\u00f3 que su situaci\u00f3n es peor que hace un a\u00f1o, un 23% dijo que se mantiene igual y solo un 11% se\u00f1al\u00f3 estar mejor. Respecto de la situaci\u00f3n actual del pa\u00eds, un 61% la calific\u00f3 como mala, un 27% como regular y un 12% como buena. En el caso de la regi\u00f3n, un 60% cree que la situaci\u00f3n es mala, un 31% que es regular y apenas un 9% la considera buena.<\/div>\n<div><\/div>\n<div><b>Mayor optimismo en el futuro econ\u00f3mico<\/b><\/div>\n<div>En contraste con la visi\u00f3n desfavorable sobre el presente, la principal novedad de la medici\u00f3n corresponde a las proyecciones econ\u00f3micas, que por primera vez en seis a\u00f1os abandonan la zona de pesimismo. A nivel nacional, el indicador alcanz\u00f3 53 puntos en julio, lo que representa un aumento de 8 unidades respecto de diciembre de 2024. En la Regi\u00f3n de Los R\u00edos, la percepci\u00f3n sobre la econom\u00eda a dos a\u00f1os lleg\u00f3 a 51 puntos, con una mejora de 9 unidades en el mismo periodo.<\/div>\n<div><\/div>\n<div>La encuesta tambi\u00e9n profundiz\u00f3 en la visi\u00f3n ciudadana sobre el futuro econ\u00f3mico. A nivel pa\u00eds, un 35% considera que la situaci\u00f3n mejorar\u00e1, un 36% cree que se mantendr\u00e1 igual y un 30% estima que empeorar\u00e1. En el \u00e1mbito regional, un 31% proyecta que la econom\u00eda mejorar\u00e1 en dos a\u00f1os, un 41% cree que seguir\u00e1 igual y un 29% piensa que ser\u00e1 peor.<\/div>\n<div><\/div>\n<div>Para Cristian Bahamonde, director de la carrera de Ingenier\u00eda Comercial de la USS sede Valdivia, \u201cpese a la mejora de 11 puntos respecto del m\u00ednimo hist\u00f3rico registrado en diciembre de 2022, los datos reflejan una confianza fr\u00e1gil e insuficiente para hablar de una recuperaci\u00f3n consolidada. La mayor\u00eda de los hogares sigue percibiendo un deterioro en su situaci\u00f3n personal y en la econom\u00eda regional; sin embargo, aparece una novedad relevante, ya que cuando se consulta por las expectativas a futuro, los encuestados manifiestan la sensaci\u00f3n de que la situaci\u00f3n mejorar\u00e1, tanto a nivel nacional como regional. Esto, al igual que en otras mediciones similares y tal como lo anticipan los mercados, estar\u00eda asociado a las expectativas de las personas sobre un cambio en la conducci\u00f3n pol\u00edtica del pa\u00eds y es consistente con lo que pas\u00f3 en los \u00faltimos a\u00f1os de las administraciones de gobierno, especialmente al cierre de los dos gobiernos de la expresidenta Bachelet\u201d.<\/div>\n<div><\/div>\n<div><b>El 87% anticipa m\u00e1s inflaci\u00f3n y la mitad teme un aumento del desempleo<\/b><\/div>\n<div>En materia de inflaci\u00f3n, los resultados muestran estabilidad respecto de la edici\u00f3n anterior. Un 87% de los consultados cree que los precios aumentar\u00e1n en los pr\u00f3ximos meses, confirmando la persistente desconfianza de los consumidores. En el plano laboral, uno de cada dos encuestados sostuvo que el desempleo aumentar\u00e1, percepci\u00f3n que se eleva a un 57% entre los j\u00f3venes de 18 a 29 a\u00f1os.<\/div>\n<div><\/div>\n<div>\u201cEl pesimismo sigue estando fuertemente determinado por la inflaci\u00f3n y el empleo. Nueve de cada diez personas creen que los precios continuar\u00e1n aumentando y la mitad anticipa un mayor desempleo, con un impacto m\u00e1s marcado entre los j\u00f3venes. Estos resultados demuestran que, aunque se observe un leve repunte en la confianza, los riesgos macroecon\u00f3micos siguen siendo percibidos como una amenaza central para los hogares de la regi\u00f3n\u201d, agreg\u00f3 Bahamonde.<\/div>\n<div><\/div>\n<div><b>Cr\u00e9dito restringido y bajo consumo marcan la desconfianza en Los R\u00edos<\/b><\/div>\n<div>Las respuestas tambi\u00e9n reflejan un alto nivel de cautela en torno al cr\u00e9dito y al mercado laboral. Un 77% de los encuestados estima que no es un buen momento para solicitar un cr\u00e9dito, mientras que un 87% se\u00f1ala que es dif\u00edcil encontrar trabajo. Solo un 12% considera que la dificultad para acceder a empleo corresponde a una situaci\u00f3n \u201cnormal\u201d.<\/div>\n<div><\/div>\n<div>La encuesta evidenci\u00f3 tambi\u00e9n las bajas expectativas de consumo en la regi\u00f3n. El indicador que mide la disposici\u00f3n a adquirir una vivienda o un autom\u00f3vil alcanz\u00f3 apenas 16 puntos, con un alza marginal de un punto respecto de diciembre de 2024. En la misma l\u00ednea, al consultar directamente si hoy es un buen momento para realizar este tipo de compras, un 73% de los encuestados respondi\u00f3 que es un mal momento, un 22% lo calific\u00f3 como regular y solo un 5% consider\u00f3 que es un buen momento para invertir en bienes durables.<\/div>\n","protected":false},"excerpt":{"rendered":"<p>El \u00cdndice de Confianza en la Econom\u00eda Regional (ICER) alcanz\u00f3 32 puntos en julio, a\u00fan en zona de pesimismo, pero con una mejora de 4 unidades respecto de 2024. *** Un 31% de los encuestados en Los R\u00edos proyecta que la situaci\u00f3n econ\u00f3mica regional mejorar\u00e1 en los pr\u00f3ximos dos a\u00f1os. *** Inflaci\u00f3n, empleo y bajo&#8230;<\/p>\n","protected":false},"author":2,"featured_media":2702,"comment_status":"open","ping_status":"closed","sticky":false,"template":"","format":"standard","meta":{"footnotes":""},"categories":[1],"tags":[],"class_list":["post-2701","post","type-post","status-publish","format-standard","has-post-thumbnail","hentry","category-uncategorized"],"jetpack_featured_media_url":"https:\/\/cooltv.cl\/wp-content\/uploads\/2025\/09\/001-scaled.jpg","_links":{"self":[{"href":"https:\/\/cooltv.cl\/index.php?rest_route=\/wp\/v2\/posts\/2701","targetHints":{"allow":["GET"]}}],"collection":[{"href":"https:\/\/cooltv.cl\/index.php?rest_route=\/wp\/v2\/posts"}],"about":[{"href":"https:\/\/cooltv.cl\/index.php?rest_route=\/wp\/v2\/types\/post"}],"author":[{"embeddable":true,"href":"https:\/\/cooltv.cl\/index.php?rest_route=\/wp\/v2\/users\/2"}],"replies":[{"embeddable":true,"href":"https:\/\/cooltv.cl\/index.php?rest_route=%2Fwp%2Fv2%2Fcomments&post=2701"}],"version-history":[{"count":1,"href":"https:\/\/cooltv.cl\/index.php?rest_route=\/wp\/v2\/posts\/2701\/revisions"}],"predecessor-version":[{"id":2703,"href":"https:\/\/cooltv.cl\/index.php?rest_route=\/wp\/v2\/posts\/2701\/revisions\/2703"}],"wp:featuredmedia":[{"embeddable":true,"href":"https:\/\/cooltv.cl\/index.php?rest_route=\/wp\/v2\/media\/2702"}],"wp:attachment":[{"href":"https:\/\/cooltv.cl\/index.php?rest_route=%2Fwp%2Fv2%2Fmedia&parent=2701"}],"wp:term":[{"taxonomy":"category","embeddable":true,"href":"https:\/\/cooltv.cl\/index.php?rest_route=%2Fwp%2Fv2%2Fcategories&post=2701"},{"taxonomy":"post_tag","embeddable":true,"href":"https:\/\/cooltv.cl\/index.php?rest_route=%2Fwp%2Fv2%2Ftags&post=2701"}],"curies":[{"name":"wp","href":"https:\/\/api.w.org\/{rel}","templated":true}]}}