{"id":2791,"date":"2025-10-07T12:24:16","date_gmt":"2025-10-07T15:24:16","guid":{"rendered":"https:\/\/cooltv.cl\/?p=2791"},"modified":"2025-10-07T12:24:16","modified_gmt":"2025-10-07T15:24:16","slug":"mop-iniciara-en-noviembre-proyecto-para-aumentar-capacidad-de-apertura-de-puente-cau-cau-de-28-a-45-grados","status":"publish","type":"post","link":"https:\/\/cooltv.cl\/?p=2791","title":{"rendered":"MOP iniciar\u00e1 en noviembre proyecto para aumentar capacidad de apertura de puente Cau Cau de 28 a 45 grados"},"content":{"rendered":"<div><b><i>Iniciativa, financiada con fondos de Obras Publicas por 2.917 millones de pesos, se encuentra actualmente en Contralor\u00eda Regional, para su toma de raz\u00f3n, la cual se espera para mediados de octubre. Plazo de ejecuci\u00f3n se extender\u00e1 por 8 meses. \u00a0\u00a0<\/i><\/b><\/div>\n<div><b><i>\u00a0<\/i><\/b><\/div>\n<div>Para mediados de noviembre pr\u00f3ximo el Ministerio de Obras P\u00fablicas de Los R\u00edos, a trav\u00e9s de su Direcci\u00f3n de Vialidad, espera dar inicio al proyecto para aumentar la capacidad de apertura de los tableros del puente Cau Cau de Valdivia, a fin de permitir la circulaci\u00f3n de embarcaciones de mayor tama\u00f1o, dinamizando de este modo la industria naval en la capital regional.<\/div>\n<div><\/div>\n<div>La iniciativa se encuentra actualmente en la Contralor\u00eda Regional, desde donde se espera obtener la toma de raz\u00f3n durante el presente mes de octubre, oficializando as\u00ed a la empresa Freeysinnet Chile, como la encargada de ejecutar la iniciativa, que permitir\u00e1 aumentar de los 28 grados actuales de apertura del viaducto a un tope de 45.<\/div>\n<div><\/div>\n<div>El proyecto considera una inversi\u00f3n de fondos MOP por 2.917 millones de pesos, y de acuerdo a la programaci\u00f3n de la Direcci\u00f3n de Vialidad, el plazo de ejecuci\u00f3n ser\u00e1 de ocho meses; periodo en el cual se espera que la afectaci\u00f3n al tr\u00e1nsito vehicular por el viaducto basculante sea m\u00ednima, con periodos de apertura breves para pruebas de verificaci\u00f3n.<\/div>\n<div><\/div>\n<div>Cabe recordar, que el proyecto corresponde a una segunda etapa que complementar\u00e1 la obra de habilitaci\u00f3n definitiva del viaducto basculante, cuyos trabajos terminaron en febrero de 2024, cuando el puente qued\u00f3 habilitado para el tr\u00e1nsito de todo tipo de veh\u00edculos, sin restricciones de peso y altura.<\/div>\n<div><\/div>\n<div>Cabe recordar, que el grado m\u00e1ximo de elevaci\u00f3n actual de 28 grados, restringe la navegaci\u00f3n de embarcaciones de mayor tama\u00f1o por el sector del puente; lo que adem\u00e1s limita la oferta de construcci\u00f3n de naves de la empresa Asenav.<\/div>\n<div><\/div>\n<div>\u201cEstamos conformes con el avance que ha tenido este proyecto de la Direcci\u00f3n de Vialidad del MOP, para poder avanzar y mejorar las capacidades del puente Cau Cau, con una iniciativa que era muy necesaria, para los astilleros locales, porque este aumento de grados para las aperturas va a posibilitar que se puedan construir embarcaciones de mayores dimensiones, lo que va a fortalecer esta actividad t\u00edpica de Valdivia, como lo es la industria naval\u201d, destac\u00f3 el delegado presidencial de Los R\u00edos, Jorge Alvial.<\/div>\n<div><\/div>\n<div>En tanto, la seremi de Obras P\u00fablicas, Francisca Vergara dijo que, \u201ccon este proyecto vamos a garantizar la libre navegabilidad por el r\u00edo, y daremos respuesta a la necesidad de permitir el tr\u00e1nsito de grandes embarcaciones; lo que va a permitir la construcci\u00f3n de naves mayores, por parte de Asenav. Esto, sin duda, va a dinamizar la actividad y generar m\u00e1s empleo. Tambi\u00e9n destacar que durante la ejecuci\u00f3n del proyecto no ser\u00e1 necesario cortar el tr\u00e1nsito en el puente, salvo en lapsos breves de tiempo para pruebas de verificaci\u00f3n, que seguramente implicar\u00e1n aperturas abreviadas\u201d.<\/div>\n","protected":false},"excerpt":{"rendered":"<p>Iniciativa, financiada con fondos de Obras Publicas por 2.917 millones de pesos, se encuentra actualmente en Contralor\u00eda Regional, para su toma de raz\u00f3n, la cual se espera para mediados de octubre. Plazo de ejecuci\u00f3n se extender\u00e1 por 8 meses. \u00a0\u00a0 \u00a0 Para mediados de noviembre pr\u00f3ximo el Ministerio de Obras P\u00fablicas de Los R\u00edos, a&#8230;<\/p>\n","protected":false},"author":2,"featured_media":2792,"comment_status":"open","ping_status":"closed","sticky":false,"template":"","format":"standard","meta":{"footnotes":""},"categories":[1],"tags":[],"class_list":["post-2791","post","type-post","status-publish","format-standard","has-post-thumbnail","hentry","category-uncategorized"],"jetpack_featured_media_url":"https:\/\/cooltv.cl\/wp-content\/uploads\/2025\/10\/Paso-de-Magellan-Explorer--scaled.jpg","_links":{"self":[{"href":"https:\/\/cooltv.cl\/index.php?rest_route=\/wp\/v2\/posts\/2791","targetHints":{"allow":["GET"]}}],"collection":[{"href":"https:\/\/cooltv.cl\/index.php?rest_route=\/wp\/v2\/posts"}],"about":[{"href":"https:\/\/cooltv.cl\/index.php?rest_route=\/wp\/v2\/types\/post"}],"author":[{"embeddable":true,"href":"https:\/\/cooltv.cl\/index.php?rest_route=\/wp\/v2\/users\/2"}],"replies":[{"embeddable":true,"href":"https:\/\/cooltv.cl\/index.php?rest_route=%2Fwp%2Fv2%2Fcomments&post=2791"}],"version-history":[{"count":1,"href":"https:\/\/cooltv.cl\/index.php?rest_route=\/wp\/v2\/posts\/2791\/revisions"}],"predecessor-version":[{"id":2793,"href":"https:\/\/cooltv.cl\/index.php?rest_route=\/wp\/v2\/posts\/2791\/revisions\/2793"}],"wp:featuredmedia":[{"embeddable":true,"href":"https:\/\/cooltv.cl\/index.php?rest_route=\/wp\/v2\/media\/2792"}],"wp:attachment":[{"href":"https:\/\/cooltv.cl\/index.php?rest_route=%2Fwp%2Fv2%2Fmedia&parent=2791"}],"wp:term":[{"taxonomy":"category","embeddable":true,"href":"https:\/\/cooltv.cl\/index.php?rest_route=%2Fwp%2Fv2%2Fcategories&post=2791"},{"taxonomy":"post_tag","embeddable":true,"href":"https:\/\/cooltv.cl\/index.php?rest_route=%2Fwp%2Fv2%2Ftags&post=2791"}],"curies":[{"name":"wp","href":"https:\/\/api.w.org\/{rel}","templated":true}]}}