{"id":2899,"date":"2025-10-23T12:20:54","date_gmt":"2025-10-23T15:20:54","guid":{"rendered":"https:\/\/cooltv.cl\/?p=2899"},"modified":"2025-10-23T12:20:54","modified_gmt":"2025-10-23T15:20:54","slug":"fae-pro-panguipulli-se-unio-al-lanzamiento-de-la-campana-teleton","status":"publish","type":"post","link":"https:\/\/cooltv.cl\/?p=2899","title":{"rendered":"Fae Pro Panguipulli se uni\u00f3 al lanzamiento de la Campa\u00f1a Telet\u00f3n"},"content":{"rendered":"<div>Con la meta de reunir $33 millones a nivel comunal, este mi\u00e9rcoles se hizo el lanzamiento oficial de la Campa\u00f1a Telet\u00f3n 2025 en Panguipulli, instancia en la que tambi\u00e9n particip\u00f3 el Equipo del Programa para Familias de Acogida, Fae Pro Panguipulli, de la ONG Coincide, programa en el que 4 de los ni\u00f1os son parte del Instituto y viajan mes a mes hasta Valdivia.<\/p>\n<p>\u00abHoy d\u00eda fuimos invitados por la Oficina de la Inclusi\u00f3n a participar del lanzamiento de la Telet\u00f3n 2025, en Panguipulli. La verdad que fue una actividad bastante bonita, bastante apegada a lo que nos une en esta campa\u00f1a, que es ese lazo de solidaridad que debemos de tener todos los chilenos y chilenas a la hora de poder cooperar y acompa\u00f1ar esta campa\u00f1a\u00bb, dijo la Directora del Fae Pro, Diana Betanzo.<\/p>\n<p>\u00abFuimos part\u00edcipes con la coordinadora t\u00e9cnica del proyecto. Fuimos a acompa\u00f1ar este lanzamiento, a la Oficina de la Inclusi\u00f3n, y a la Municipalidad de Panguipulli. La verdad que como equipo FAE estamos bien comprometidos con esta campa\u00f1a, dado que nosotros tambi\u00e9n tenemos ni\u00f1os que est\u00e1n ingresados en el FAE y que son parte del Instituto Telet\u00f3n en Valdivia. Todas las semanas viajan cuatro de nuestros ni\u00f1os a la Telet\u00f3n y la verdad es que sus avances han sido bastante significativos\u00bb agreg\u00f3 Diana.<\/p>\n<p>\u00abComo equipo estamos bien comprometidos con esta campa\u00f1a, con este trabajo que se hace desde los institutos Telet\u00f3n a lo largo del pa\u00eds. Nosotros nos hemos llevado tambi\u00e9n alcanc\u00edas, afiches y tambi\u00e9n obviamente vamos a apoyar con nuestras familias todo este proceso de campa\u00f1a que se da hasta noviembre o por todo noviembre. As\u00ed que bien comprometidos e invitar, por supuesto, a la comunidad a hacerse parte\u00bb, dijo la directora del Fae.<\/p>\n<p>\u00abEfectivamente, esta es una colaboraci\u00f3n, una ayuda, pero sobre todo un tremendo beneficio que se le entregan a los ni\u00f1os, ni\u00f1as y adolescentes que tienen alg\u00fan tipo de discapacidad. El Instituto Telet\u00f3n a lo largo de los a\u00f1os ha avanzado bastante en esto y, por supuesto, nosotros podemos ver tambi\u00e9n los beneficios que le entregan a nuestros ni\u00f1os que padecen alg\u00fan tipo de discapacidad. As\u00ed que ojal\u00e1 toda la comunidad de Panguipulli nos hagamos presentes y podamos superar la meta de los 33 millones que como comuna debemos juntar\u00bb, culmin\u00f3 Diana.<\/p><\/div>\n<div>\n<div class=\"gmail_signature\" dir=\"ltr\" data-smartmail=\"gmail_signature\">\n<div dir=\"ltr\">\n<div dir=\"ltr\">\n<div dir=\"ltr\">\n<div dir=\"ltr\">\n<div dir=\"ltr\">\n<blockquote>\n<blockquote>\n<blockquote>\n<div>\n<div dir=\"ltr\">\n<div dir=\"ltr\">\n<div dir=\"ltr\">\n<div dir=\"ltr\">\n<div dir=\"ltr\">\n<div dir=\"ltr\">\n<div dir=\"ltr\">\n<div dir=\"ltr\">\n<div dir=\"ltr\">\n<div dir=\"ltr\">\n<div dir=\"ltr\">\n<div dir=\"ltr\">\n<div dir=\"ltr\">\n<div><\/div>\n<\/div>\n<\/div>\n<\/div>\n<\/div>\n<\/div>\n<\/div>\n<\/div>\n<\/div>\n<\/div>\n<\/div>\n<\/div>\n<\/div>\n<\/div>\n<\/div>\n<\/blockquote>\n<\/blockquote>\n<\/blockquote>\n<blockquote>\n<blockquote>\n<blockquote>\n<blockquote>\n<blockquote><p><span style=\"color: #999999;\"><b><span style=\"font-family: verdana, sans-serif; font-size: small;\">\u00a0 \u00a0 <\/span><\/b><\/span><\/p><\/blockquote>\n<\/blockquote>\n<\/blockquote>\n<\/blockquote>\n<\/blockquote>\n<\/div>\n<\/div>\n<\/div>\n<\/div>\n<\/div>\n<\/div>\n<\/div>\n","protected":false},"excerpt":{"rendered":"<p>Con la meta de reunir $33 millones a nivel comunal, este mi\u00e9rcoles se hizo el lanzamiento oficial de la Campa\u00f1a Telet\u00f3n 2025 en Panguipulli, instancia en la que tambi\u00e9n particip\u00f3 el Equipo del Programa para Familias de Acogida, Fae Pro Panguipulli, de la ONG Coincide, programa en el que 4 de los ni\u00f1os son parte&#8230;<\/p>\n","protected":false},"author":2,"featured_media":2900,"comment_status":"open","ping_status":"closed","sticky":false,"template":"","format":"standard","meta":{"footnotes":""},"categories":[1],"tags":[],"class_list":["post-2899","post","type-post","status-publish","format-standard","has-post-thumbnail","hentry","category-uncategorized"],"jetpack_featured_media_url":"https:\/\/cooltv.cl\/wp-content\/uploads\/2025\/10\/WhatsApp-Image-2025-10-22-at-17.02.05.jpg","_links":{"self":[{"href":"https:\/\/cooltv.cl\/index.php?rest_route=\/wp\/v2\/posts\/2899","targetHints":{"allow":["GET"]}}],"collection":[{"href":"https:\/\/cooltv.cl\/index.php?rest_route=\/wp\/v2\/posts"}],"about":[{"href":"https:\/\/cooltv.cl\/index.php?rest_route=\/wp\/v2\/types\/post"}],"author":[{"embeddable":true,"href":"https:\/\/cooltv.cl\/index.php?rest_route=\/wp\/v2\/users\/2"}],"replies":[{"embeddable":true,"href":"https:\/\/cooltv.cl\/index.php?rest_route=%2Fwp%2Fv2%2Fcomments&post=2899"}],"version-history":[{"count":1,"href":"https:\/\/cooltv.cl\/index.php?rest_route=\/wp\/v2\/posts\/2899\/revisions"}],"predecessor-version":[{"id":2901,"href":"https:\/\/cooltv.cl\/index.php?rest_route=\/wp\/v2\/posts\/2899\/revisions\/2901"}],"wp:featuredmedia":[{"embeddable":true,"href":"https:\/\/cooltv.cl\/index.php?rest_route=\/wp\/v2\/media\/2900"}],"wp:attachment":[{"href":"https:\/\/cooltv.cl\/index.php?rest_route=%2Fwp%2Fv2%2Fmedia&parent=2899"}],"wp:term":[{"taxonomy":"category","embeddable":true,"href":"https:\/\/cooltv.cl\/index.php?rest_route=%2Fwp%2Fv2%2Fcategories&post=2899"},{"taxonomy":"post_tag","embeddable":true,"href":"https:\/\/cooltv.cl\/index.php?rest_route=%2Fwp%2Fv2%2Ftags&post=2899"}],"curies":[{"name":"wp","href":"https:\/\/api.w.org\/{rel}","templated":true}]}}