{"id":2922,"date":"2025-10-28T14:21:25","date_gmt":"2025-10-28T17:21:25","guid":{"rendered":"https:\/\/cooltv.cl\/?p=2922"},"modified":"2025-10-28T14:21:25","modified_gmt":"2025-10-28T17:21:25","slug":"con-gran-exito-finalizo-el-iv-interescolar-de-artes-escenicas-los-rios-2025","status":"publish","type":"post","link":"https:\/\/cooltv.cl\/?p=2922","title":{"rendered":"Con gran \u00e9xito finaliz\u00f3 el IV Interescolar de Artes Esc\u00e9nicas Los R\u00edos 2025"},"content":{"rendered":"<div>Con emotividad, creatividad y compromiso se llev\u00f3 a cabo la Ceremonia de Clausura del IV Interescolar de Artes Esc\u00e9nicas Los R\u00edos 2025, iniciativa organizada por la Escuela de Pedagog\u00eda en Lenguaje y Comunicaci\u00f3n de la Facultad de Filosof\u00eda y Humanidades de la Universidad Austral de Chile (UACh).<\/div>\n<div>Ruth Marina Belmar, coordinadora y docente de la Especializaci\u00f3n de Direcci\u00f3n Teatral Escolar, explic\u00f3 que \u201cEste encuentro, que se ha consolidado como un espacio de aprendizaje, creaci\u00f3n y vinculaci\u00f3n en torno al arte teatral, reuni\u00f3 a estudiantes, docentes y comunidades educativas de toda la regi\u00f3n\u201d.<\/div>\n<div>La docente agreg\u00f3 que en su versi\u00f3n 2025, el encuentro congreg\u00f3 a 135 personas, entre ellos estudiantes universitarios, docentes y estudiantes de ense\u00f1anza b\u00e1sica y media, provenientes de talleres de teatro de la Escuela Angachilla, Escuela M\u00e9xico, y Colegio Austral de Valdivia. Entre ellos un grupo de 35 estudiantes recibieron una certificaci\u00f3n en teatro escolar, s\u00edmbolo del cierre de una etapa formativa marcada por la creatividad, el trabajo colectivo y la pasi\u00f3n por las artes esc\u00e9nicas, dado que este a\u00f1o finalizan su proceso escolar tanto en b\u00e1sica como en media.<\/div>\n<div>\u201cEn esta \u00faltima jornada reconocimos la participaci\u00f3n de diversas agrupaciones que han formado parte del Interescolar y su itinerancia por la regi\u00f3n, donde se presentaron montajes escolares como \u00d1aque de Jos\u00e9 Sanchis Sinisterra, La Remolienda de Alejandro Sieveking, Ant\u00edgona de S\u00f3focles, la creaci\u00f3n colectiva Algo pasa en Valle Muerto Nadie sabe qu\u00e9 y La negra Ester\u201d, puntualiz\u00f3.<\/div>\n<div><b>Hito de cierre<\/b><\/div>\n<div>La jornada comenz\u00f3 con actividades l\u00fadicas dirigidas por estudiantes de la Facultad, seguidas de la presentaci\u00f3n de la compa\u00f1\u00eda Teatro Kair\u00f3Sfhia, agrupaci\u00f3n recientemente fundada por estudiantes de primer a\u00f1o de Pedagog\u00eda en Lenguaje y Comunicaci\u00f3n. Su propuesta esc\u00e9nica, nacida desde el juego y la convicci\u00f3n de que \u201ctodos podemos hacer teatro\u201d, abri\u00f3 la jornada con frescura y entusiasmo.<\/div>\n<div>Posteriormente, se presentaron las obras y ejercicios esc\u00e9nicos del Taller de Improvisaci\u00f3n para Docentes, instancia dirigida por el actor y profesor Samuel Gonz\u00e1lez Vera, que por primera vez integr\u00f3 a profesoras y profesores de la ciudad de Valdivia como int\u00e9rpretes en el Interescolar, destacando el car\u00e1cter formativo y participativo de la experiencia.<\/div>\n<div>El escenario tambi\u00e9n recibi\u00f3 al Taller de Teatro del Colegio Austral, quienes, bajo la direcci\u00f3n del alumni, Carlos Ter\u00e1n Fuentes y el docente en formaci\u00f3n Marcos Rojas Correa, presentaron una muestra de proceso de la comedia \u201cNadie puede saberlo\u201d de Enrique Bunster. La obra, centrada en la salud mental y los l\u00edmites de la cordura, cautiv\u00f3 al p\u00fablico con su humor y profundidad.<\/div>\n<div>En la instancia, se destac\u00f3 la importancia del teatro como herramienta pedag\u00f3gica y social. Yerko Manzano, Director de Vinculaci\u00f3n con el Medio de la Facultad de Filosof\u00eda y Humanidades UACh, valor\u00f3 la proyecci\u00f3n de esta iniciativa como un puente entre el arte y la educaci\u00f3n.<\/div>\n<div>Este encuentro reafirma el compromiso de la Universidad Austral de Chile y su Facultad de Filosof\u00eda y Humanidades con la promoci\u00f3n de la educaci\u00f3n art\u00edstica, el fortalecimiento de las redes escolares y la formaci\u00f3n integral de nuevas generaciones que, a trav\u00e9s del teatro, contin\u00faan escribiendo la historia cultural de la Regi\u00f3n de Los R\u00edos.<\/div>\n<div><b>Patrocinios<\/b><\/div>\n<div>Vale mencionar que, este evento fue posible gracias al patrocinio de la Facultad de Filosof\u00eda y Humanidades UACh, Instituto de Ling\u00fc\u00edstica y Literatura UACh, SEREMI de Educaci\u00f3n de Los R\u00edos, Ministerio de las Culturas, las Artes y el Patrimonio Mesa Regional de Educaci\u00f3n Art\u00edstica, Alumni UACh y la empresa de l\u00e1cteos Col\u00fan.<\/div>\n","protected":false},"excerpt":{"rendered":"<p>Con emotividad, creatividad y compromiso se llev\u00f3 a cabo la Ceremonia de Clausura del IV Interescolar de Artes Esc\u00e9nicas Los R\u00edos 2025, iniciativa organizada por la Escuela de Pedagog\u00eda en Lenguaje y Comunicaci\u00f3n de la Facultad de Filosof\u00eda y Humanidades de la Universidad Austral de Chile (UACh). Ruth Marina Belmar, coordinadora y docente de la&#8230;<\/p>\n","protected":false},"author":2,"featured_media":2923,"comment_status":"open","ping_status":"closed","sticky":false,"template":"","format":"standard","meta":{"footnotes":""},"categories":[1],"tags":[],"class_list":["post-2922","post","type-post","status-publish","format-standard","has-post-thumbnail","hentry","category-uncategorized"],"jetpack_featured_media_url":"https:\/\/cooltv.cl\/wp-content\/uploads\/2025\/10\/54877201314_09db80f373_c.jpg","_links":{"self":[{"href":"https:\/\/cooltv.cl\/index.php?rest_route=\/wp\/v2\/posts\/2922","targetHints":{"allow":["GET"]}}],"collection":[{"href":"https:\/\/cooltv.cl\/index.php?rest_route=\/wp\/v2\/posts"}],"about":[{"href":"https:\/\/cooltv.cl\/index.php?rest_route=\/wp\/v2\/types\/post"}],"author":[{"embeddable":true,"href":"https:\/\/cooltv.cl\/index.php?rest_route=\/wp\/v2\/users\/2"}],"replies":[{"embeddable":true,"href":"https:\/\/cooltv.cl\/index.php?rest_route=%2Fwp%2Fv2%2Fcomments&post=2922"}],"version-history":[{"count":1,"href":"https:\/\/cooltv.cl\/index.php?rest_route=\/wp\/v2\/posts\/2922\/revisions"}],"predecessor-version":[{"id":2924,"href":"https:\/\/cooltv.cl\/index.php?rest_route=\/wp\/v2\/posts\/2922\/revisions\/2924"}],"wp:featuredmedia":[{"embeddable":true,"href":"https:\/\/cooltv.cl\/index.php?rest_route=\/wp\/v2\/media\/2923"}],"wp:attachment":[{"href":"https:\/\/cooltv.cl\/index.php?rest_route=%2Fwp%2Fv2%2Fmedia&parent=2922"}],"wp:term":[{"taxonomy":"category","embeddable":true,"href":"https:\/\/cooltv.cl\/index.php?rest_route=%2Fwp%2Fv2%2Fcategories&post=2922"},{"taxonomy":"post_tag","embeddable":true,"href":"https:\/\/cooltv.cl\/index.php?rest_route=%2Fwp%2Fv2%2Ftags&post=2922"}],"curies":[{"name":"wp","href":"https:\/\/api.w.org\/{rel}","templated":true}]}}