{"id":2931,"date":"2025-10-29T12:43:35","date_gmt":"2025-10-29T15:43:35","guid":{"rendered":"https:\/\/cooltv.cl\/?p=2931"},"modified":"2025-10-29T12:43:35","modified_gmt":"2025-10-29T15:43:35","slug":"alta-uach-celebra-16-anos-formando-talentos-excepcionales-en-el-sur-de-chile","status":"publish","type":"post","link":"https:\/\/cooltv.cl\/?p=2931","title":{"rendered":"ALTA UACh celebra 16 a\u00f1os formando talentos excepcionales en el sur de Chile"},"content":{"rendered":"<div><i>M\u00e1s de 2.400 estudiantes han sido parte del programa de enriquecimiento acad\u00e9mico que impulsa la creatividad y el pensamiento cr\u00edtico en ni\u00f1as, ni\u00f1os y j\u00f3venes con altas capacidades de toda la regi\u00f3n.<\/i><\/div>\n<div><\/div>\n<div>Con una emotiva ceremonia en el auditorio F\u00e9lix Mart\u00ednez Bonati, la Escuela de Talentos Acad\u00e9micos ALTA UACh conmemor\u00f3 su 16\u00b0 aniversario, reafirmando su compromiso con la formaci\u00f3n integral de escolares con altas capacidades intelectuales de la Regi\u00f3n de Los R\u00edos y el sur austral del pa\u00eds.<\/div>\n<div><\/div>\n<div>Desde su creaci\u00f3n en 2010, con 109 estudiantes, ALTA UACh ha crecido exponencialmente hasta convertirse en un referente nacional, con 460 alumnas y alumnos en la actualidad. A lo largo de 16 a\u00f1os, m\u00e1s de 2.400 j\u00f3venes talentosos, creativos y comprometidos de las regiones de Los R\u00edos, Los Lagos y, en su momento, de la Regi\u00f3n de Ays\u00e9n, han sido parte de este programa pionero de enriquecimiento acad\u00e9mico extracurricular.<\/div>\n<div><\/div>\n<div><b>Un enfoque multidisciplinario que transforma vidas<\/b><\/div>\n<div><\/div>\n<div>El programa se distingue por su enfoque multidisciplinario que impulsa la creatividad, el aprendizaje aut\u00f3nomo y la gesti\u00f3n personal. El modelo educativo ALTA UACh ha permitido que escolares de diversas comunas del sur de Chile tengan acceso a experiencias educativas transformadoras, desarrollando no solo sus capacidades intelectuales, sino tambi\u00e9n habilidades socioemocionales, fundamentales para su desarrollo integral.<\/div>\n<div><\/div>\n<div>La ceremonia de aniversario cont\u00f3 con la presencia de autoridades regionales y universitarias, entre ellas el Rector de la Universidad Austral de Chile, Dr. Egon Montecinos, la Vicerrectora Acad\u00e9mica, Dra. Alejandra Z\u00fa\u00f1iga, el SEREMI de Educaci\u00f3n de Los R\u00edos, Sr. Juan Pablo Gerter, y representantes de diversas municipalidades de la regi\u00f3n, quienes reafirmaron su respaldo al programa y comprometieron la continuidad de su apoyo para 2026.<\/div>\n<div><\/div>\n<div>En la oportunidad, el Rector de la UACh, Dr. Egon Montecinos, reconoci\u00f3 el esfuerzo y la dedicaci\u00f3n de todas las personas que integran este programa, valorando con especial \u00e9nfasis, las caracter\u00edsticas de cada estudiante que forman parte de esta iniciativa.<\/div>\n<div><\/div>\n<div>\u201cTodas las personas nacemos con distintos talentos, la diferencia est\u00e1 en la estimulaci\u00f3n de \u00e9stos y en c\u00f3mo se transforman para aportar a la sociedad impactando en disminuir las desigualdades que la afectan. Este es uno de los objetivos de las instituciones de educaci\u00f3n superior de excelencia, como nuestra universidad, que forma profesionales que transforman el territorio a trav\u00e9s de sus capacidades. En ese contexto, este programa contribuye a esa misi\u00f3n\u201d \u00a1Muchas felicidades para todos ustedes y para programa ALTA UACh!\u201d.<\/div>\n<div><\/div>\n<div><b>Reconocimiento al talento docente<\/b><\/div>\n<div><\/div>\n<div>Uno de los momentos m\u00e1s emotivos de la jornada fue el reconocimiento a tres profesoras destacadas por su impacto en la vida de los estudiantes. Javiera Delgado, ex alumna de ALTA UACh que regres\u00f3 como docente y hoy cursa un Mag\u00edster en Paleontolog\u00eda con beca ANID; Cynthia Jara, bi\u00f3loga marina que guio el proyecto \u00abAqua Natrium\u00bb en el concurso nacional \u00abLos creadores\u00bb con alumnas de la Escuela de Talentos; y Mar\u00eda Francisca Jara, artista visual que ha contribuido durante 7 a\u00f1os al desarrollo de talentos art\u00edsticos en el programa y que recientemente se integr\u00f3 a su equipo de gesti\u00f3n.<\/div>\n<div><\/div>\n<div>Adem\u00e1s, los estudiantes reconocieron el esp\u00edritu de colaboraci\u00f3n y dedicaci\u00f3n de los coordinadores estudiantiles Enzo Molina y \u00c1ngel Leal, ambos ex alumnos de ALTA, quienes encarnan los valores de compromiso, responsabilidad y solidaridad que distinguen a la comunidad educativa.<\/div>\n<div><\/div>\n<div><b>Creatividad en acci\u00f3n: concursos y proyectos destacados<\/b><\/div>\n<div><\/div>\n<div>Como parte de las celebraciones, ALTA UACh realiz\u00f3 concursos de fotograf\u00eda y animaci\u00f3n digital que buscaban capturar la esencia de la vida estudiantil en la escuela. Los ganadores fueron Luciano Alejandro Castro Mar\u00edn y Roc\u00edo Selene Campos Mardones en fotograf\u00eda, y Jes\u00fas Manuel Vel\u00e1squez Emperador y Aitna Bruna Tapia en animaci\u00f3n digital.<\/div>\n<div><\/div>\n<div>La ceremonia tambi\u00e9n destac\u00f3 la participaci\u00f3n de estudiantes de ALTA en el Festival Internacional de Cine de Valdivia 2025, donde el micrometraje \u00abEl Camar\u00f3n y la Culebra\u00bb, dirigido por la profesora Francisca L\u00f3pez junto a sus estudiantes, fue seleccionado para el concurso \u00abHumedales: Sustento de vida\u00bb, evidenciando la calidad y conexi\u00f3n con escenarios de la vida real que caracteriza a los proyectos de la escuela.<\/div>\n<div><\/div>\n<div><b>Proyecci\u00f3n hacia el futuro<\/b><\/div>\n<div><\/div>\n<div>\u00abComo Escuela de Talentos, tenemos la satisfacci\u00f3n de haber construido un camino s\u00f3lido, con proyecci\u00f3n y gran alcance e impacto en la zona sur austral de nuestro pa\u00eds. En este aniversario celebramos lo recorrido, pero sin perder de vista los desaf\u00edos del futuro, que incluyen la generaci\u00f3n de espacios de participaci\u00f3n de los distintos estamentos, as\u00ed como del fortalecimiento de la vinculaci\u00f3n con las autoridades y actores educativos del territorio. Esta sinergia es la que permitir\u00e1 consolidar una comunidad comprometida, que aprende, dialoga y crece en conjunto, en la que cada uno, desde su lugar de acci\u00f3n, contribuye a este gran proyecto que depende de todos nosotros\u201d, afirm\u00f3 la directora Catalina Guzm\u00e1n.<\/div>\n<div><\/div>\n<div>ALTA UACh, uno de los siete programas de talentos del pa\u00eds que depende del Ministerio de Educaci\u00f3n, cuenta con el apoyo incondicional de la Universidad Austral de Chile, instituci\u00f3n que facilita el desarrollo de la escuela y respalda su proyecto educativo. Esta alianza ha sido fundamental para consolidar a ALTA UACh como un referente en la educaci\u00f3n de j\u00f3venes con altas capacidades en el sur de Chile, en concordancia con la misi\u00f3n p\u00fablica que caracteriza a esta casa de estudios.<\/div>\n<div><\/div>\n<div>La jornada de celebraci\u00f3n continu\u00f3 con actividades l\u00fadicas y creativas, incluyendo competencias por alianzas, una completada y estaciones creativas, reafirmando el esp\u00edritu comunitario y la alegr\u00eda que caracteriza a ALTA UACh, donde cada s\u00e1bado se convierte en el mejor d\u00eda de la semana para cientos de estudiantes que encuentran en este espacio un lugar seguro para desarrollar su potencial y relacionarse con pares que comparten su pasi\u00f3n por el conocimiento.<\/div>\n","protected":false},"excerpt":{"rendered":"<p>M\u00e1s de 2.400 estudiantes han sido parte del programa de enriquecimiento acad\u00e9mico que impulsa la creatividad y el pensamiento cr\u00edtico en ni\u00f1as, ni\u00f1os y j\u00f3venes con altas capacidades de toda la regi\u00f3n. Con una emotiva ceremonia en el auditorio F\u00e9lix Mart\u00ednez Bonati, la Escuela de Talentos Acad\u00e9micos ALTA UACh conmemor\u00f3 su 16\u00b0 aniversario, reafirmando su&#8230;<\/p>\n","protected":false},"author":2,"featured_media":2932,"comment_status":"open","ping_status":"closed","sticky":false,"template":"","format":"standard","meta":{"footnotes":""},"categories":[1],"tags":[],"class_list":["post-2931","post","type-post","status-publish","format-standard","has-post-thumbnail","hentry","category-uncategorized"],"jetpack_featured_media_url":"https:\/\/cooltv.cl\/wp-content\/uploads\/2025\/10\/WhatsApp-Image-2025-10-28-at-18.22.52.jpeg","_links":{"self":[{"href":"https:\/\/cooltv.cl\/index.php?rest_route=\/wp\/v2\/posts\/2931","targetHints":{"allow":["GET"]}}],"collection":[{"href":"https:\/\/cooltv.cl\/index.php?rest_route=\/wp\/v2\/posts"}],"about":[{"href":"https:\/\/cooltv.cl\/index.php?rest_route=\/wp\/v2\/types\/post"}],"author":[{"embeddable":true,"href":"https:\/\/cooltv.cl\/index.php?rest_route=\/wp\/v2\/users\/2"}],"replies":[{"embeddable":true,"href":"https:\/\/cooltv.cl\/index.php?rest_route=%2Fwp%2Fv2%2Fcomments&post=2931"}],"version-history":[{"count":1,"href":"https:\/\/cooltv.cl\/index.php?rest_route=\/wp\/v2\/posts\/2931\/revisions"}],"predecessor-version":[{"id":2933,"href":"https:\/\/cooltv.cl\/index.php?rest_route=\/wp\/v2\/posts\/2931\/revisions\/2933"}],"wp:featuredmedia":[{"embeddable":true,"href":"https:\/\/cooltv.cl\/index.php?rest_route=\/wp\/v2\/media\/2932"}],"wp:attachment":[{"href":"https:\/\/cooltv.cl\/index.php?rest_route=%2Fwp%2Fv2%2Fmedia&parent=2931"}],"wp:term":[{"taxonomy":"category","embeddable":true,"href":"https:\/\/cooltv.cl\/index.php?rest_route=%2Fwp%2Fv2%2Fcategories&post=2931"},{"taxonomy":"post_tag","embeddable":true,"href":"https:\/\/cooltv.cl\/index.php?rest_route=%2Fwp%2Fv2%2Ftags&post=2931"}],"curies":[{"name":"wp","href":"https:\/\/api.w.org\/{rel}","templated":true}]}}