{"id":3081,"date":"2025-11-27T12:17:04","date_gmt":"2025-11-27T15:17:04","guid":{"rendered":"https:\/\/cooltv.cl\/?p=3081"},"modified":"2025-11-27T12:17:04","modified_gmt":"2025-11-27T15:17:04","slug":"cesfam-externo-valdivia-conmemora-el-dia-internacional-de-la-infancia-con-innovadora-actividad-kidzania-en-salud","status":"publish","type":"post","link":"https:\/\/cooltv.cl\/?p=3081","title":{"rendered":"Cesfam Externo Valdivia conmemora el D\u00eda Internacional de la Infancia con innovadora actividad \u201cKidzania en Salud\u201d"},"content":{"rendered":"<p>El Cesfam Externo Valdivia informa que, en el marco del D\u00eda Internacional de la Infancia, se llev\u00f3 a cabo la actividad \u201cKidzania en Salud\u201d, una iniciativa organizada por el equipo de Infancia del establecimiento con el prop\u00f3sito de acercar los servicios de salud a ni\u00f1as y ni\u00f1os, fortalecer la confianza con los equipos profesionales y fomentar h\u00e1bitos de autocuidado desde edades tempranas.<\/p>\n<p>Durante la jornada, ni\u00f1as y ni\u00f1os del Jard\u00edn Francia y, La Escuela Francia con Pre K\u00ednder y K\u00ednder participaron en diversas estaciones interactivas preparadas por los sectores Gabriela Mistral, Claudio Arrau y Nicanor Parra. En estos espacios, los peque\u00f1os pudieron conocer el quehacer de distintos profesionales, \u201cjugando a ser\u201d m\u00e9dicos, enfermeras, matronas, odont\u00f3logas, trabajadoras sociales, nutricionistas y fonoaudi\u00f3logas, entre otros.<\/p>\n<p>La actividad tambi\u00e9n contempl\u00f3 una zona sensorial en la sala de estimulaci\u00f3n, as\u00ed como din\u00e1micas motoras desarrolladas por los equipos de Rehabilitaci\u00f3n y Vida Sana. Asimismo, estudiantes de Fonoaudiolog\u00eda y Nutrici\u00f3n de la Universidad San Sebasti\u00e1n se sumaron con actividades l\u00fadicas relacionadas con oficios y h\u00e1bitos saludables, enriqueciendo el enfoque educativo de la jornada.<\/p>\n<p>El trabajo comunitario se vio reforzado con la participaci\u00f3n de profesionales del CECOSF Pablo Neruda, quienes se incorporaron activamente a las actividades del CESFAM. Paralelamente, el CECOSF Guacamayo particip\u00f3 en la Fiesta de la Infancia organizada por el jard\u00edn \u201cPeque\u00f1os Guacamayos\u201d de JUNJI, mientras que el CECOSF Barrios Bajos instal\u00f3 un mural dedicado a los derechos de la ni\u00f1ez, destacando la importancia de su protecci\u00f3n integral.<\/p>\n<p>La directora del CESFAM Externo Valdivia, Viviana Villalobos, destac\u00f3 la relevancia de esta iniciativa se\u00f1alando: \u201cEn el marco del D\u00eda Internacional de la Infancia quisimos abrir nuestro CESFAM para que ni\u00f1as y ni\u00f1os vivieran una experiencia cercana y significativa con la salud. Cada sector prepar\u00f3 actividades donde los peque\u00f1os pudieron \u201cjugar a ser\u201d m\u00e9dicos, matronas, odont\u00f3logas, nutricionistas, fonoaudi\u00f3logas y trabajadoras sociales, entre otros roles. En la sala de estimulaci\u00f3n ofrecimos actividades sensoriales, mientras que los equipos de Rehabilitaci\u00f3n y Vida Sana desarrollaron din\u00e1micas motoras que disfrutaron con mucho entusiasmo. Esta es una actividad muy bonita, que nos permite conmemorar la infancia, acercar nuestro quehacer a la comunidad y construir confianza desde edades tempranas\u201d.<\/p>\n","protected":false},"excerpt":{"rendered":"<p>El Cesfam Externo Valdivia informa que, en el marco del D\u00eda Internacional de la Infancia, se llev\u00f3 a cabo la actividad \u201cKidzania en Salud\u201d, una iniciativa organizada por el equipo de Infancia del establecimiento con el prop\u00f3sito de acercar los servicios de salud a ni\u00f1as y ni\u00f1os, fortalecer la confianza con los equipos profesionales y&#8230;<\/p>\n","protected":false},"author":2,"featured_media":3082,"comment_status":"open","ping_status":"closed","sticky":false,"template":"","format":"standard","meta":{"footnotes":""},"categories":[2],"tags":[],"class_list":["post-3081","post","type-post","status-publish","format-standard","has-post-thumbnail","hentry","category-cooltv-titulares"],"jetpack_featured_media_url":"https:\/\/cooltv.cl\/wp-content\/uploads\/2025\/11\/Actividad-CEV-10.jpeg","_links":{"self":[{"href":"https:\/\/cooltv.cl\/index.php?rest_route=\/wp\/v2\/posts\/3081","targetHints":{"allow":["GET"]}}],"collection":[{"href":"https:\/\/cooltv.cl\/index.php?rest_route=\/wp\/v2\/posts"}],"about":[{"href":"https:\/\/cooltv.cl\/index.php?rest_route=\/wp\/v2\/types\/post"}],"author":[{"embeddable":true,"href":"https:\/\/cooltv.cl\/index.php?rest_route=\/wp\/v2\/users\/2"}],"replies":[{"embeddable":true,"href":"https:\/\/cooltv.cl\/index.php?rest_route=%2Fwp%2Fv2%2Fcomments&post=3081"}],"version-history":[{"count":1,"href":"https:\/\/cooltv.cl\/index.php?rest_route=\/wp\/v2\/posts\/3081\/revisions"}],"predecessor-version":[{"id":3083,"href":"https:\/\/cooltv.cl\/index.php?rest_route=\/wp\/v2\/posts\/3081\/revisions\/3083"}],"wp:featuredmedia":[{"embeddable":true,"href":"https:\/\/cooltv.cl\/index.php?rest_route=\/wp\/v2\/media\/3082"}],"wp:attachment":[{"href":"https:\/\/cooltv.cl\/index.php?rest_route=%2Fwp%2Fv2%2Fmedia&parent=3081"}],"wp:term":[{"taxonomy":"category","embeddable":true,"href":"https:\/\/cooltv.cl\/index.php?rest_route=%2Fwp%2Fv2%2Fcategories&post=3081"},{"taxonomy":"post_tag","embeddable":true,"href":"https:\/\/cooltv.cl\/index.php?rest_route=%2Fwp%2Fv2%2Ftags&post=3081"}],"curies":[{"name":"wp","href":"https:\/\/api.w.org\/{rel}","templated":true}]}}