{"id":3444,"date":"2026-03-09T12:19:43","date_gmt":"2026-03-09T15:19:43","guid":{"rendered":"https:\/\/cooltv.cl\/?p=3444"},"modified":"2026-03-09T12:19:43","modified_gmt":"2026-03-09T15:19:43","slug":"gobierno-regional-de-los-rios-integrara-directorio-de-la-asociacion-de-gobernadores-regionales-de-chile","status":"publish","type":"post","link":"https:\/\/cooltv.cl\/?p=3444","title":{"rendered":"Gobierno Regional de Los R\u00edos integrar\u00e1 directorio de la Asociaci\u00f3n de Gobernadores Regionales de Chile"},"content":{"rendered":"<p>Gobernadora Regional (s) Marila Barrientos y representantes de la Asociaci\u00f3n de Consejeros Regionales (ANCORE), H\u00e9ctor Pacheco y Juan Taladriz participaron en el cambio de mando de la Asociaci\u00f3n de Gobernadores de Chile (AGORECHI) realizado en Puerto Montt, instancia en la que se confirm\u00f3 la participaci\u00f3n de la Regi\u00f3n de Los R\u00edos en el directorio nacional del organismo.<\/p>\n<p>En el marco del 1er Encuentro Nacional de Gobernadores Regionales 2026, realizado los d\u00edas 3 y 4 de marzo en la ciudad de Puerto Montt, se llev\u00f3 a cabo el cambio de mando de la Asociaci\u00f3n de Gobernadores Regionales de Chile (Agorechi), instancia en la que el gobernador regional de Los Lagos, Alejandro Santana, asumi\u00f3 como nuevo presidente de la organizaci\u00f3n que re\u00fane a las m\u00e1ximas autoridades regionales del pa\u00eds.<\/p>\n<p>En representaci\u00f3n del gobernador regional de Los R\u00edos, Luis Cuvertino, particip\u00f3 en la actividad la gobernadora regional (s) Marila Barrientos, quien fue parte de las jornadas de trabajo y del proceso de renovaci\u00f3n de la directiva nacional. Al respecto, manifest\u00f3, \u201cqueremos agradecer el trabajo realizado por el gobernador Pablo Silva durante su periodo de presidencia, especialmente en el impulso a la agenda de descentralizaci\u00f3n, y desear mucho \u00e9xito al gobernador de la Regi\u00f3n de Los Lagos, Alejandro Santana, quien asume ahora este nuevo periodo. Nuestro Gobernador Luis Cuvertino formar\u00e1 parte del directorio de la Asociaci\u00f3n durante este nuevo ciclo, representando la mirada descentralizadora que desde la Regi\u00f3n de Los R\u00edos hemos impulsado con fuerza, siempre con el objetivo de fortalecer el desarrollo de nuestras regiones y avanzar hacia un pa\u00eds m\u00e1s equitativo territorialmente.\u201d<\/p>\n<p>Durante el encuentro tambi\u00e9n se confirm\u00f3 que el Gobierno Regional de Los R\u00edos formar\u00e1 parte del directorio de Agorechi, lo que permitir\u00e1 fortalecer la participaci\u00f3n de la regi\u00f3n en las instancias de coordinaci\u00f3n nacional entre gobiernos regionales y en la promoci\u00f3n de una agenda com\u00fan para profundizar el proceso de descentralizaci\u00f3n en Chile.<\/p>\n<p>Durante la jornada se present\u00f3 la cuenta p\u00fablica del presidente saliente de Agorechi y gobernador de la Regi\u00f3n de O\u2019Higgins, Pablo Silva Amaya, quien destac\u00f3 los avances en materia de fortalecimiento institucional y articulaci\u00f3n entre los gobiernos regionales.<\/p>\n<p><strong><em>Cambio de mando <\/em><\/strong><\/p>\n<p>La ceremonia de cambio de mando se desarroll\u00f3 en la sede Patagonia de la Universidad San Sebasti\u00e1n, oportunidad en que el nuevo presidente de Agorechi, Alejandro Santana, reafirm\u00f3 su compromiso con una agenda descentralizadora y con el fortalecimiento del rol de las regiones en el desarrollo del pa\u00eds.<\/p>\n<p>El encuentro cont\u00f3 adem\u00e1s con la participaci\u00f3n de la subsecretaria de Desarrollo Regional y Administrativo, Francisca Perales; del futuro subsecretario Sebasti\u00e1n Figueroa; del presidente de la Asociaci\u00f3n Chilena de Municipalidades, Gustavo Alessandri y; del alcalde de Puerto Montt, Rodrigo Wainraihgt, quienes valoraron la instancia como un espacio clave para fortalecer el trabajo colaborativo entre gobiernos regionales, municipios y el nivel central.<\/p>\n<p>El directorio qued\u00f3 conformado por el Presidente: Alejandro Santana, Los Lagos; Vicepresidente: Rodrigo Mundaca, Valpara\u00edso; Tesorero: Ricardo D\u00edaz, Antofagasta; Secretario: Crist\u00f3bal Juli\u00e1, Coquimbo; Director: Jorge Flies, Magallanes; Director: Sergio Giacaman, Concepci\u00f3n; Director: Luis Cuvertino, Los R\u00edos.<\/p>\n<p>La incorporaci\u00f3n del Gobierno Regional de Los R\u00edos al directorio de Agorechi representa un paso relevante para seguir posicionando a la regi\u00f3n en las discusiones estrat\u00e9gicas sobre descentralizaci\u00f3n y desarrollo territorial, reforzando el compromiso de trabajar colaborativamente con las dem\u00e1s regiones del pa\u00eds.<\/p>\n","protected":false},"excerpt":{"rendered":"<p>Gobernadora Regional (s) Marila Barrientos y representantes de la Asociaci\u00f3n de Consejeros Regionales (ANCORE), H\u00e9ctor Pacheco y Juan Taladriz participaron en el cambio de mando de la Asociaci\u00f3n de Gobernadores de Chile (AGORECHI) realizado en Puerto Montt, instancia en la que se confirm\u00f3 la participaci\u00f3n de la Regi\u00f3n de Los R\u00edos en el directorio nacional&#8230;<\/p>\n","protected":false},"author":2,"featured_media":3445,"comment_status":"open","ping_status":"closed","sticky":false,"template":"","format":"standard","meta":{"footnotes":""},"categories":[2],"tags":[],"class_list":["post-3444","post","type-post","status-publish","format-standard","has-post-thumbnail","hentry","category-cooltv-titulares"],"jetpack_featured_media_url":"https:\/\/cooltv.cl\/wp-content\/uploads\/2026\/03\/Cambio-de-mando-AGORECHI-2026.jpeg","_links":{"self":[{"href":"https:\/\/cooltv.cl\/index.php?rest_route=\/wp\/v2\/posts\/3444","targetHints":{"allow":["GET"]}}],"collection":[{"href":"https:\/\/cooltv.cl\/index.php?rest_route=\/wp\/v2\/posts"}],"about":[{"href":"https:\/\/cooltv.cl\/index.php?rest_route=\/wp\/v2\/types\/post"}],"author":[{"embeddable":true,"href":"https:\/\/cooltv.cl\/index.php?rest_route=\/wp\/v2\/users\/2"}],"replies":[{"embeddable":true,"href":"https:\/\/cooltv.cl\/index.php?rest_route=%2Fwp%2Fv2%2Fcomments&post=3444"}],"version-history":[{"count":1,"href":"https:\/\/cooltv.cl\/index.php?rest_route=\/wp\/v2\/posts\/3444\/revisions"}],"predecessor-version":[{"id":3446,"href":"https:\/\/cooltv.cl\/index.php?rest_route=\/wp\/v2\/posts\/3444\/revisions\/3446"}],"wp:featuredmedia":[{"embeddable":true,"href":"https:\/\/cooltv.cl\/index.php?rest_route=\/wp\/v2\/media\/3445"}],"wp:attachment":[{"href":"https:\/\/cooltv.cl\/index.php?rest_route=%2Fwp%2Fv2%2Fmedia&parent=3444"}],"wp:term":[{"taxonomy":"category","embeddable":true,"href":"https:\/\/cooltv.cl\/index.php?rest_route=%2Fwp%2Fv2%2Fcategories&post=3444"},{"taxonomy":"post_tag","embeddable":true,"href":"https:\/\/cooltv.cl\/index.php?rest_route=%2Fwp%2Fv2%2Ftags&post=3444"}],"curies":[{"name":"wp","href":"https:\/\/api.w.org\/{rel}","templated":true}]}}