{"id":3464,"date":"2026-03-16T12:27:16","date_gmt":"2026-03-16T15:27:16","guid":{"rendered":"https:\/\/cooltv.cl\/?p=3464"},"modified":"2026-03-16T12:27:16","modified_gmt":"2026-03-16T15:27:16","slug":"con-alta-convocatoria-se-inauguro-la-escuela-de-cuidadores-de-personas-con-demencias-2026","status":"publish","type":"post","link":"https:\/\/cooltv.cl\/?p=3464","title":{"rendered":"Con alta convocatoria se inaugur\u00f3 la Escuela de Cuidadores de Personas con Demencias 2026"},"content":{"rendered":"<div><i>Liderada por el Servicio Salud Los R\u00edos a trav\u00e9s de su Departamento de Salud Mental, la iniciativa se gest\u00f3 gracias al trabajo colaborativo de instituciones p\u00fablicas, organizaciones de la sociedad civil y universidades, con el patrocinio de la Facultad de Medicina de la Universidad Austral de Chile.<\/i><\/div>\n<div>Durante todo este a\u00f1o, cuidadoras\/es podr\u00e1n adquirir conocimientos y habilidades para enfrentar de mejor manera los desaf\u00edos que impone el d\u00eda a d\u00eda en los cuidados de personas con trastornos neurocognitivos. Generar confianza y seguridad en su quehacer y construir redes de apoyo entre la comunidad cuidadora y entre las instituciones p\u00fablicas, privadas y la academia, buscando mejorar la calidad de su vida y la de las personas con trastorno neurocognitivos que cuidan.<\/div>\n<div>En la inauguraci\u00f3n participaron la Directora del Servicio de Salud Los R\u00edos, Dra. Marianela Rubilar; la Decana Facultad de Medicina UACh, Dra. Pamela Ehrenfeld, la Coordinadora SENAMA Los R\u00edos, Yecxabeth Lange, la Presidenta y fundadora de la Fundaci\u00f3n Alzheimer Los R\u00edos, Luisa Solar, as\u00ed como representantes de diferentes unidades de la Seremi de Salud y el Servicio de Salud, organizaciones de la sociedad civil y comunitarias y de universidades de la regi\u00f3n.<\/div>\n<div>En la oportunidad, la directora del Servicio de Salud, Dra. Marianela Rubilar agradeci\u00f3 a la decana de la Facultad de Medicina por la colaboraci\u00f3n en el desarrollo de esta importante iniciativa y destac\u00f3 el compromiso con el bienestar de las personas, de su entorno y sus familias, y se\u00f1al\u00f3:<\/div>\n<div>\u201cValoramos profundamente esta instancia, porque pone al centro el cuidado y el que les cuida. Sabemos que detr\u00e1s de cada persona que vive con Alzheimer, demencia vascular, demencia mixta, demencia con cuerpos de lewy, pronto, temporal y otras, fuentes de deterioro cognitivo, hay familias, hay afectos y est\u00e1n las personas cuidadoras, que sostienen d\u00eda a d\u00eda una tarea muy exigente, silenciosa y humana. Porque cuidar a una persona con demencia implica enfrentar desaf\u00edos emocionales, f\u00edsicos y tambi\u00e9n en la pr\u00e1ctica diaria, en tareas cotidianas y habituales. Por eso como red p\u00fablica de salud entendemos que no basta con acompa\u00f1ar a quienes viven con esta condici\u00f3n, tambi\u00e9n debemos acompa\u00f1ar y fortalecer a quienes est\u00e1n a su lado, quienes cumplen este rol y esta labor d\u00eda a d\u00eda. Esperamos que cada sesi\u00f3n de este programa, que se desarrollar\u00e1 entre marzo de este a\u00f1o a diciembre, pueda aportar conocimientos, fortalecer capacidades y generar redes que permanezcan m\u00e1s all\u00e1 de estas jornadas formativas.\u201d<\/div>\n<div>Por su parte, la decana de la Facultad de Medicina, Dra. Pamela Ehrenfeld, aprovech\u00f3 la instancia para agradecer el trabajo conjunto y sostenido con el Servicio de Salud de Valdivia, y relev\u00f3 la importancia de la iniciativa. \u201cSabemos que cuidar a las personas con demencia implica grandes desaf\u00edos, no solamente en lo cl\u00ednico, que bien mencion\u00f3 la doctora Rubilar. La gama de patolog\u00edas o de tipos de demencia son amplios, sino que tambi\u00e9n desde lo humano, desde lo emocional y desde lo social. Generar instancias como estas, es fundamental, porque cuidar tambi\u00e9n requiere apoyo y herramientas que esperamos obtengan de esta escuela, acompa\u00f1amiento y tambi\u00e9n reconocimiento. Como universidad valoramos profundamente, el poder contribuir junto al servicio de salud, al fortalecimiento de estas capacidades en nuestra comunidad, para promover de esta manera una atenci\u00f3n m\u00e1s digna, m\u00e1s emp\u00e1tica y m\u00e1s integral para las personas con demencia, pero tambi\u00e9n para sus familias. Esperamos, que esta escuela sea ese espacio de aprendizaje, de contenci\u00f3n, de colaboraci\u00f3n, que entregue conocimientos \u00fatiles, pero que tambi\u00e9n de confianza y un sentido de red, a quienes cumplen esta tan valiosa labor.\u201d<\/div>\n<div><b>Escuela de Cuidadores de Personas con Demencias 2026<\/b><\/div>\n<div>La escuela que se desarrollar\u00e1 entre marzo a diciembre en diferentes sesiones, nace gracias trabajo colaborativo de la mesa intersectorial de demencia del Servicio de Salud, que dirige la referente t\u00e9cnica en Salud Mental Susan Seguel, de la cual es parte la acad\u00e9mica del Instituto de Neurociencias Cl\u00ednicas de la Facultad de Medicina UACh, Daniela Urrutia como referente acad\u00e9mico para el abordaje de los trastornos neurocognitivos.<\/div>\n<div>\u201cEsta actividad cont\u00f3 con un gran apoyo de la Facultad de Medicina que entiende la importancia de estas iniciativas, buscando acompa\u00f1ar la gran labor que significa el cuidar a otros\/a. Una tarea invisibilizada, que muchas veces nace del cari\u00f1o y dedicaci\u00f3n de las familias, pero que sin duda representa un costo emocional, f\u00edsico y econ\u00f3mico para la cuidadora o cuidador directo\u201d, coment\u00f3 la acad\u00e9mica Urrutia.<\/div>\n<div>La sesi\u00f3n inaugural dio inicio con la presentaci\u00f3n del taller y la exposici\u00f3n de Terapeutas Ocupacionales del CESFAM Externo Valdivia, quienes hablaron sobre Alzheimer y otras demencias; sus caracter\u00edsticas, tratamiento y pron\u00f3stico y sobre envejecimiento y demencias, sus diferencias y factores de riesgo y factores protectores.<\/div>\n","protected":false},"excerpt":{"rendered":"<p>Liderada por el Servicio Salud Los R\u00edos a trav\u00e9s de su Departamento de Salud Mental, la iniciativa se gest\u00f3 gracias al trabajo colaborativo de instituciones p\u00fablicas, organizaciones de la sociedad civil y universidades, con el patrocinio de la Facultad de Medicina de la Universidad Austral de Chile. Durante todo este a\u00f1o, cuidadoras\/es podr\u00e1n adquirir conocimientos&#8230;<\/p>\n","protected":false},"author":2,"featured_media":3465,"comment_status":"open","ping_status":"closed","sticky":false,"template":"","format":"standard","meta":{"footnotes":""},"categories":[2],"tags":[],"class_list":["post-3464","post","type-post","status-publish","format-standard","has-post-thumbnail","hentry","category-cooltv-titulares"],"jetpack_featured_media_url":"https:\/\/cooltv.cl\/wp-content\/uploads\/2026\/03\/IMG_3927.jpg","_links":{"self":[{"href":"https:\/\/cooltv.cl\/index.php?rest_route=\/wp\/v2\/posts\/3464","targetHints":{"allow":["GET"]}}],"collection":[{"href":"https:\/\/cooltv.cl\/index.php?rest_route=\/wp\/v2\/posts"}],"about":[{"href":"https:\/\/cooltv.cl\/index.php?rest_route=\/wp\/v2\/types\/post"}],"author":[{"embeddable":true,"href":"https:\/\/cooltv.cl\/index.php?rest_route=\/wp\/v2\/users\/2"}],"replies":[{"embeddable":true,"href":"https:\/\/cooltv.cl\/index.php?rest_route=%2Fwp%2Fv2%2Fcomments&post=3464"}],"version-history":[{"count":1,"href":"https:\/\/cooltv.cl\/index.php?rest_route=\/wp\/v2\/posts\/3464\/revisions"}],"predecessor-version":[{"id":3466,"href":"https:\/\/cooltv.cl\/index.php?rest_route=\/wp\/v2\/posts\/3464\/revisions\/3466"}],"wp:featuredmedia":[{"embeddable":true,"href":"https:\/\/cooltv.cl\/index.php?rest_route=\/wp\/v2\/media\/3465"}],"wp:attachment":[{"href":"https:\/\/cooltv.cl\/index.php?rest_route=%2Fwp%2Fv2%2Fmedia&parent=3464"}],"wp:term":[{"taxonomy":"category","embeddable":true,"href":"https:\/\/cooltv.cl\/index.php?rest_route=%2Fwp%2Fv2%2Fcategories&post=3464"},{"taxonomy":"post_tag","embeddable":true,"href":"https:\/\/cooltv.cl\/index.php?rest_route=%2Fwp%2Fv2%2Ftags&post=3464"}],"curies":[{"name":"wp","href":"https:\/\/api.w.org\/{rel}","templated":true}]}}