{"id":3559,"date":"2026-04-28T13:21:09","date_gmt":"2026-04-28T16:21:09","guid":{"rendered":"https:\/\/cooltv.cl\/?p=3559"},"modified":"2026-04-28T13:21:09","modified_gmt":"2026-04-28T16:21:09","slug":"corte-de-valdivia-confirma-medidas-cautelares-de-imputados-por-atentado-contra-la-autoridad","status":"publish","type":"post","link":"https:\/\/cooltv.cl\/?p=3559","title":{"rendered":"Corte de Valdivia confirma medidas cautelares de imputados por atentado contra la autoridad"},"content":{"rendered":"<p>La Corte de Apelaciones de Valdivia mantuvo hoy \u2013lunes 27 de abril\u2013 sujetos a las medidas cautelares de firma quincenal, arraigo nacional y prohibici\u00f3n de acercarse a la v\u00edctima a los tres estudiantes de la Universidad Austral, imputados por el Ministerio P\u00fablico como autores del delito consumado de atentado contra la autoridad. Il\u00edcito perpetrado en la ceremonia de inauguraci\u00f3n del a\u00f1o acad\u00e9mico, realizado a principios de mes, en el campus Isla Teja de la casa de estudios.<\/p>\n<p>&nbsp;<\/p>\n<p>En fallo un\u00e1nime (causa rol 510-2026), la Primera Sala del tribunal de alzada \u2013integrada por los ministros Samuel Mu\u00f1oz Weisz, Marcela Araya Novoa y \u00d3scar Castro Allendes\u2013 confirm\u00f3 la resoluci\u00f3n apelada, dictada por el Juzgado de Garant\u00eda de Valdivia, que rechaz\u00f3 la prisi\u00f3n preventiva solicitada por la fiscal\u00eda y la querellante Ministerio de Seguridad P\u00fablica, al compartir que las cautelares impuestas resultan apropiadas y proporcionales a los fines del procedimiento.<\/p>\n<p>&nbsp;<\/p>\n<p>Seg\u00fan el ente persecutor, el 8 de abril de 2026, la ministra de Ciencia y Tecnolog\u00eda, Ximena Fabiola Lincolao Pilqui\u00e1n, asisti\u00f3 a la inauguraci\u00f3n del a\u00f1o acad\u00e9mico en la Universidad Austral, ceremonia desarrollada en el Aula Magna de la casa de estudios, la cual se vio interrumpida alrededor de las 12:20 horas, cuando estudiantes ingresaron al recinto por una puerta lateral, protestando por las pol\u00edticas implementadas por el gobierno en materia educacional.<\/p>\n<p>&nbsp;<\/p>\n<p>Debido al bloqueo de puertas, la autoridad permaneci\u00f3 al interior del Aula Magna por alrededor de dos horas, recibiendo insultos por parte del alumnado, acompa\u00f1ados por golpes en puertas y paredes. Durante el encierro, la ministra mantuvo una conversaci\u00f3n de alrededor de 25 minutos con estudiantes que se habr\u00edan comprometido a facilitarle a la secretaria de Estado una salida pac\u00edfica, compromiso que fue respaldado por el rector de la universidad.<\/p>\n<p>&nbsp;<\/p>\n<p>Finalmente, el prefecto de la PDI Jos\u00e9 Miguel Sea Lara coordin\u00f3 la evacuaci\u00f3n de la ministra al percatarse de un decaimiento de la manifestaci\u00f3n. Sin embargo, en el trayecto hac\u00eda el veh\u00edculo fiscal, la autoridad fue agredida con objetos y recibi\u00f3 un golpe en la cabeza. En dicho contexto, se logr\u00f3 identificar las acciones espec\u00edficas atribuida a los imputados: M.M.R. arroj\u00f3 un l\u00edquido que portaba en una botella; J.M.S. intent\u00f3 en dos ocasiones abalanzarse sobre la ministra, pero fue contenido por un capit\u00e1n de la Armada y un subcomisario de la PDI; y P.V.B golpe\u00f3 el autom\u00f3vil fiscal con patadas y una mochila, causando da\u00f1os en la puerta del conductor.<\/p>\n<p>&nbsp;<\/p>\n<p>A consecuencia de las agresiones, la ministra Lincolao Pilqui\u00e1n sufri\u00f3 un aumento de volumen a nivel parietal izquierdo, lesiones en el tobillo izquierdo con limitaci\u00f3n del movimiento del 50%, y una lesi\u00f3n similar en el pulgar de la mano derecha.<\/p>\n","protected":false},"excerpt":{"rendered":"<p>La Corte de Apelaciones de Valdivia mantuvo hoy \u2013lunes 27 de abril\u2013 sujetos a las medidas cautelares de firma quincenal, arraigo nacional y prohibici\u00f3n de acercarse a la v\u00edctima a los tres estudiantes de la Universidad Austral, imputados por el Ministerio P\u00fablico como autores del delito consumado de atentado contra la autoridad. Il\u00edcito perpetrado en&#8230;<\/p>\n","protected":false},"author":2,"featured_media":3560,"comment_status":"open","ping_status":"closed","sticky":false,"template":"","format":"standard","meta":{"footnotes":""},"categories":[2],"tags":[],"class_list":["post-3559","post","type-post","status-publish","format-standard","has-post-thumbnail","hentry","category-cooltv-titulares"],"jetpack_featured_media_url":"https:\/\/cooltv.cl\/wp-content\/uploads\/2026\/04\/1.jpeg","_links":{"self":[{"href":"https:\/\/cooltv.cl\/index.php?rest_route=\/wp\/v2\/posts\/3559","targetHints":{"allow":["GET"]}}],"collection":[{"href":"https:\/\/cooltv.cl\/index.php?rest_route=\/wp\/v2\/posts"}],"about":[{"href":"https:\/\/cooltv.cl\/index.php?rest_route=\/wp\/v2\/types\/post"}],"author":[{"embeddable":true,"href":"https:\/\/cooltv.cl\/index.php?rest_route=\/wp\/v2\/users\/2"}],"replies":[{"embeddable":true,"href":"https:\/\/cooltv.cl\/index.php?rest_route=%2Fwp%2Fv2%2Fcomments&post=3559"}],"version-history":[{"count":1,"href":"https:\/\/cooltv.cl\/index.php?rest_route=\/wp\/v2\/posts\/3559\/revisions"}],"predecessor-version":[{"id":3561,"href":"https:\/\/cooltv.cl\/index.php?rest_route=\/wp\/v2\/posts\/3559\/revisions\/3561"}],"wp:featuredmedia":[{"embeddable":true,"href":"https:\/\/cooltv.cl\/index.php?rest_route=\/wp\/v2\/media\/3560"}],"wp:attachment":[{"href":"https:\/\/cooltv.cl\/index.php?rest_route=%2Fwp%2Fv2%2Fmedia&parent=3559"}],"wp:term":[{"taxonomy":"category","embeddable":true,"href":"https:\/\/cooltv.cl\/index.php?rest_route=%2Fwp%2Fv2%2Fcategories&post=3559"},{"taxonomy":"post_tag","embeddable":true,"href":"https:\/\/cooltv.cl\/index.php?rest_route=%2Fwp%2Fv2%2Ftags&post=3559"}],"curies":[{"name":"wp","href":"https:\/\/api.w.org\/{rel}","templated":true}]}}