{"id":3920,"date":"2026-09-04T13:28:01","date_gmt":"2026-09-04T16:28:01","guid":{"rendered":"https:\/\/cooltv.cl\/?p=3920"},"modified":"2026-09-04T13:28:01","modified_gmt":"2026-09-04T16:28:01","slug":"saesa-seremi-de-la-mujer-y-emprendedoras-de-los-rios-invitan-a-postular-a-la-12a-academia-mujeres-con-energia","status":"publish","type":"post","link":"https:\/\/cooltv.cl\/?p=3920","title":{"rendered":"Saesa, Seremi de la Mujer y emprendedoras de Los R\u00edos invitan a postular a la 12\u00aa Academia \u201cMujeres con Energ\u00eda\u201d"},"content":{"rendered":"<div>Este domingo 6 de septiembre finaliza el plazo para postular a la 12\u00aa Academia \u201cMujeres con Energ\u00eda\u201d, iniciativa impulsada por Saesa para entregar herramientas que contribuyan al crecimiento de los negocios y al desarrollo personal de emprendedoras del sur del pa\u00eds. Para quienes est\u00e9n interesadas en participar pueden revisar las bases y completar su postulaci\u00f3n a trav\u00e9s del sitio web de Grupo Saesa <a id=\"m_4719731236668558418OWA06b015db-67fc-4e2c-2039-d973a6b56bbc\" title=\"http:\/\/www.gruposaesa.cl\/\" href=\"http:\/\/www.gruposaesa.cl\/\" target=\"_blank\" rel=\"noopener\" data-saferedirecturl=\"https:\/\/www.google.com\/url?q=http:\/\/www.gruposaesa.cl\/&amp;source=gmail&amp;ust=1788613659265000&amp;usg=AOvVaw1SFs38EkyR7OMvrqIe1yDU\">www.gruposaesa.cl<\/a>.<\/div>\n<div>Durante una actividad realizada en las oficinas de Saesa en Valdivia, el jefe de Servicio al Cliente de la distribuidora, Dar\u00edo Inostroza, y la seremi de la Mujer y la Equidad de G\u00e9nero en Los R\u00edos, Oriet Montecinos, invitaron a las mujeres de la regi\u00f3n a participar en esta nueva convocatoria. En la instancia tambi\u00e9n participaron Carolina Manr\u00edquez y Andrea Guti\u00e9rrez, quienes compartieron su experiencia como exalumnas de la Academia y fueron reconocidas por obtener una de las mejores notas de sus respectivas generaciones.<\/div>\n<div>Dar\u00edo Inostroza, jefe de Servicio al Cliente de Saesa en Los R\u00edos, destac\u00f3 las oportunidades de aprendizaje y crecimiento que esta iniciativa entrega a las mujeres de la regi\u00f3n. \u201cLa Academia les permitir\u00e1 adquirir nuevos conocimientos, fortalecer sus negocios y generar redes con otras emprendedoras. Las postulaciones finalizan este domingo, por lo que esperamos que muchas mujeres de Los R\u00edos se animen a vivir esta experiencia\u201d, se\u00f1al\u00f3.<\/div>\n<div>La seremi de la Mujer y la Equidad de G\u00e9nero, Oriet Montecinos, valor\u00f3 la realizaci\u00f3n de una nueva edici\u00f3n de \u201cMujeres con Energ\u00eda\u201d y reiter\u00f3 el llamado a las emprendedoras de la regi\u00f3n a postular a esta iniciativa, orientada a fortalecer sus capacidades y autonom\u00eda econ\u00f3mica.<\/div>\n<div>\u201cEstamos muy contentas de participar en esta instancia. Estas alianzas estrat\u00e9gicas nos permiten apoyar a las mujeres en distintos \u00e1mbitos, especialmente en la b\u00fasqueda de su autonom\u00eda econ\u00f3mica. Sabemos que es importante acceder a un trabajo, as\u00ed como tambi\u00e9n apoyarlas cuando tienen sue\u00f1os e ideas creativas. Los emprendimientos les permiten compatibilizar la vida laboral con la crianza y con otras labores que realizamos como mujeres. Estamos felices de conocer a emprendedoras locales y contribuir a visibilizarlas. Hacemos un llamado a aquellas mujeres que tienen una idea o un sue\u00f1o por concretar a que postulen a esta nueva versi\u00f3n de la Academia\u201d, se\u00f1al\u00f3 la autoridad regional.<\/div>\n<div><b>UN GRAN APRENDIZAJE<\/b><\/div>\n<div>Las emprendedoras Carolina Manr\u00edquez y Andrea Guti\u00e9rrez compartieron sus experiencias y destacaron los conocimientos y herramientas adquiridos durante el proceso formativo. Adem\u00e1s, invitaron a otras mujeres de Los R\u00edos a participar en esta nueva edici\u00f3n de la Academia.<\/div>\n<div>Carolina Manr\u00edquez es fundadora de la empresa familiar \u201cKrearte Patrimonial\u201d, dedicada al desarrollo de productos y servicios con enfoque medioambiental, social, cultural e inclusivo.<\/div>\n<div>\u201cLas invitamos desde lo m\u00e1s profundo que tenemos como emprendedoras, que puedan ser part\u00edcipes de esta academia, que puedan poder concretar sue\u00f1os a trav\u00e9s de esta iniciativa que tiene muchas ventajas. Una de las herramientas que m\u00e1s nos impact\u00f3 fue el storytelling. A partir de ah\u00ed creamos nuestros servicios: realizamos cuentacuentos de autor\u00eda, desarrollamos charlas educativas, trabajamos con mujeres cuidadoras y personas con discapacidad. Nada de eso habr\u00eda sido posible si no hubi\u00e9semos tenido la herramienta apropiada para poder llegar a ese nuevo nicho. Y eso se logra con acciones concretas, como, por ejemplo, las que entrega Mujeres con Energ\u00eda\u201d, destac\u00f3.<\/div>\n<div>Por su parte, Andrea Guti\u00e9rrez, due\u00f1a del emprendimiento de \u00abCervezas Kufeo\u00bb, valor\u00f3 lo aprendido en la Academia: \u201cInvitamos a las emprendedoras a participar, a las peque\u00f1as emprendedoras, porque tambi\u00e9n pueden postular quienes no tienen iniciaci\u00f3n de actividades. Es una instancia s\u00faper linda, tiene muchos m\u00f3dulos educativos y es una tremenda oportunidad para adquirir nuevos conocimientos. Hay que aprovechar estas instancias que se dan\u201d.<\/div>\n<div>\u201cMujeres con Energ\u00eda\u201d es un programa de vinculaci\u00f3n con la comunidad que Grupo Saesa desarrolla desde 2021 y que ha acompa\u00f1ado a emprendedoras del sur del pa\u00eds mediante capacitaci\u00f3n y la entrega de herramientas para potenciar sus negocios y favorecer su desarrollo personal.<\/div>\n","protected":false},"excerpt":{"rendered":"<p>Este domingo 6 de septiembre finaliza el plazo para postular a la 12\u00aa Academia \u201cMujeres con Energ\u00eda\u201d, iniciativa impulsada por Saesa para entregar herramientas que contribuyan al crecimiento de los negocios y al desarrollo personal de emprendedoras del sur del pa\u00eds. Para quienes est\u00e9n interesadas en participar pueden revisar las bases y completar su postulaci\u00f3n&#8230;<\/p>\n","protected":false},"author":2,"featured_media":3921,"comment_status":"open","ping_status":"closed","sticky":false,"template":"","format":"standard","meta":{"footnotes":""},"categories":[2],"tags":[],"class_list":["post-3920","post","type-post","status-publish","format-standard","has-post-thumbnail","hentry","category-cooltv-titulares"],"jetpack_featured_media_url":"https:\/\/cooltv.cl\/wp-content\/uploads\/2026\/09\/Foto-1.jpeg","_links":{"self":[{"href":"https:\/\/cooltv.cl\/index.php?rest_route=\/wp\/v2\/posts\/3920","targetHints":{"allow":["GET"]}}],"collection":[{"href":"https:\/\/cooltv.cl\/index.php?rest_route=\/wp\/v2\/posts"}],"about":[{"href":"https:\/\/cooltv.cl\/index.php?rest_route=\/wp\/v2\/types\/post"}],"author":[{"embeddable":true,"href":"https:\/\/cooltv.cl\/index.php?rest_route=\/wp\/v2\/users\/2"}],"replies":[{"embeddable":true,"href":"https:\/\/cooltv.cl\/index.php?rest_route=%2Fwp%2Fv2%2Fcomments&post=3920"}],"version-history":[{"count":1,"href":"https:\/\/cooltv.cl\/index.php?rest_route=\/wp\/v2\/posts\/3920\/revisions"}],"predecessor-version":[{"id":3922,"href":"https:\/\/cooltv.cl\/index.php?rest_route=\/wp\/v2\/posts\/3920\/revisions\/3922"}],"wp:featuredmedia":[{"embeddable":true,"href":"https:\/\/cooltv.cl\/index.php?rest_route=\/wp\/v2\/media\/3921"}],"wp:attachment":[{"href":"https:\/\/cooltv.cl\/index.php?rest_route=%2Fwp%2Fv2%2Fmedia&parent=3920"}],"wp:term":[{"taxonomy":"category","embeddable":true,"href":"https:\/\/cooltv.cl\/index.php?rest_route=%2Fwp%2Fv2%2Fcategories&post=3920"},{"taxonomy":"post_tag","embeddable":true,"href":"https:\/\/cooltv.cl\/index.php?rest_route=%2Fwp%2Fv2%2Ftags&post=3920"}],"curies":[{"name":"wp","href":"https:\/\/api.w.org\/{rel}","templated":true}]}}