{"id":3923,"date":"2026-09-04T13:30:14","date_gmt":"2026-09-04T16:30:14","guid":{"rendered":"https:\/\/cooltv.cl\/?p=3923"},"modified":"2026-09-04T13:30:14","modified_gmt":"2026-09-04T16:30:14","slug":"fosis-amplia-oportunidades-de-capacitacion-para-emprendedores","status":"publish","type":"post","link":"https:\/\/cooltv.cl\/?p=3923","title":{"rendered":"FOSIS ampl\u00eda oportunidades de capacitaci\u00f3n para emprendedores"},"content":{"rendered":"<p><strong>Durante 2026, 120 personas usuarias del FOSIS acceder\u00e1n a capacitaciones de Sercotec, mientras la articulaci\u00f3n con la Dedecon permitir\u00e1 ofrecer charlas y orientaci\u00f3n tributaria, para aumentar las herramientas para fortalecer y formalizar sus emprendimientos.<\/strong><\/p>\n<p>Nuevas oportunidades de capacitaci\u00f3n y orientaci\u00f3n para fortalecer sus emprendimientos tendr\u00e1n durante este a\u00f1o las personas usuarias del Fondo de Solidaridad e Inversi\u00f3n Social (FOSIS) de las provincias de Valdivia y del Ranco, a trav\u00e9s del trabajo conjunto con el Servicio de Cooperaci\u00f3n T\u00e9cnica (Sercotec) y la Defensor\u00eda del Contribuyente (Dedecon).<\/p>\n<p>En este marco, 120 personas usuarias del programa Emprendamos, tanto en los niveles B\u00e1sico y Avanzado, acceder\u00e1n a capacitaciones de Sercotec para fortalecer sus competencias t\u00e9cnicas y de gesti\u00f3n. A esto se suman las charlas y orientaciones tributarias de la Dedecon, que abordan materias como inicio de actividades, organizaci\u00f3n del negocio, r\u00e9gimen tributario y alternativas de tributaci\u00f3n del IVA.<\/p>\n<p>La directora regional del FOSIS, Ann Hunter, se\u00f1al\u00f3 que \u201ccomo Gobierno del Presidente Jos\u00e9 Antonio Kast, estamos fortaleciendo la coordinaci\u00f3n entre las instituciones p\u00fablicas para ampliar las oportunidades y herramientas disponibles y desde el FOSIS estamos impulsando mayores espacios de asesor\u00edas y capacitaci\u00f3n para nuestras emprendedoras, considerando que cerca del 90% de las personas que participan en nuestros programas de emprendimiento son mujeres. En este marco, 120 personas de las provincias de Valdivia y del Ranco acceder\u00e1n a capacitaciones que contribuir\u00e1n a fortalecer sus conocimientos y sus emprendimientos\u201d.<\/p>\n<p>Esta articulaci\u00f3n tambi\u00e9n es valorada por quienes participan de los programas del FOSIS. Carolina Manr\u00edquez, usuaria del programa Emprendamos B\u00e1sico, destac\u00f3 que \u201cesta vinculaci\u00f3n viene a fortalecer el emprendimiento de la Regi\u00f3n de Los R\u00edos y sus comunidades, generando una oportunidad para que el talento creativo de la regi\u00f3n pueda crecer y abrir nuevas oportunidades para quienes desarrollan sus negocios\u201d.<\/p>\n<p>Desde Sercotec, en tanto, valoraron el trabajo conjunto. Su director regional, Henry Chaura, destac\u00f3 que \u201cesta alianza estrat\u00e9gica une a las instituciones que forman parte del ecosistema productivo y tiende puentes para quienes tienen una idea de negocio o ya cuentan con un emprendimiento. Nuestro objetivo es que a las pymes les vaya bien, porque si a las pymes les va bien, a Chile le va bien\u201d.<\/p>\n<p>En materia tributaria, la Defensor\u00eda del Contribuyente desarroll\u00f3 en Valdivia la jornada presencial \u201cFormalizaci\u00f3n de mi emprendimiento\u201d, que reuni\u00f3 a m\u00e1s de 70 emprendedoras de programas del FOSIS. A esta actividad se sumar\u00e1n pr\u00f3ximamente charlas y capacitaciones virtuales dirigidas a m\u00e1s de 200 emprendedoras.<\/p>\n<p>De esta manera, FOSIS ampl\u00eda las herramientas para que los emprendedores fortalezcan sus conocimientos, mejoren la gesti\u00f3n de sus negocios y avancen en sus proyectos.<\/p>\n","protected":false},"excerpt":{"rendered":"<p>Durante 2026, 120 personas usuarias del FOSIS acceder\u00e1n a capacitaciones de Sercotec, mientras la articulaci\u00f3n con la Dedecon permitir\u00e1 ofrecer charlas y orientaci\u00f3n tributaria, para aumentar las herramientas para fortalecer y formalizar sus emprendimientos. Nuevas oportunidades de capacitaci\u00f3n y orientaci\u00f3n para fortalecer sus emprendimientos tendr\u00e1n durante este a\u00f1o las personas usuarias del Fondo de Solidaridad&#8230;<\/p>\n","protected":false},"author":2,"featured_media":3924,"comment_status":"open","ping_status":"closed","sticky":false,"template":"","format":"standard","meta":{"footnotes":""},"categories":[2],"tags":[],"class_list":["post-3923","post","type-post","status-publish","format-standard","has-post-thumbnail","hentry","category-cooltv-titulares"],"jetpack_featured_media_url":"https:\/\/cooltv.cl\/wp-content\/uploads\/2026\/09\/oportunidades-fosis-2_sercotec.jpg","_links":{"self":[{"href":"https:\/\/cooltv.cl\/index.php?rest_route=\/wp\/v2\/posts\/3923","targetHints":{"allow":["GET"]}}],"collection":[{"href":"https:\/\/cooltv.cl\/index.php?rest_route=\/wp\/v2\/posts"}],"about":[{"href":"https:\/\/cooltv.cl\/index.php?rest_route=\/wp\/v2\/types\/post"}],"author":[{"embeddable":true,"href":"https:\/\/cooltv.cl\/index.php?rest_route=\/wp\/v2\/users\/2"}],"replies":[{"embeddable":true,"href":"https:\/\/cooltv.cl\/index.php?rest_route=%2Fwp%2Fv2%2Fcomments&post=3923"}],"version-history":[{"count":1,"href":"https:\/\/cooltv.cl\/index.php?rest_route=\/wp\/v2\/posts\/3923\/revisions"}],"predecessor-version":[{"id":3925,"href":"https:\/\/cooltv.cl\/index.php?rest_route=\/wp\/v2\/posts\/3923\/revisions\/3925"}],"wp:featuredmedia":[{"embeddable":true,"href":"https:\/\/cooltv.cl\/index.php?rest_route=\/wp\/v2\/media\/3924"}],"wp:attachment":[{"href":"https:\/\/cooltv.cl\/index.php?rest_route=%2Fwp%2Fv2%2Fmedia&parent=3923"}],"wp:term":[{"taxonomy":"category","embeddable":true,"href":"https:\/\/cooltv.cl\/index.php?rest_route=%2Fwp%2Fv2%2Fcategories&post=3923"},{"taxonomy":"post_tag","embeddable":true,"href":"https:\/\/cooltv.cl\/index.php?rest_route=%2Fwp%2Fv2%2Ftags&post=3923"}],"curies":[{"name":"wp","href":"https:\/\/api.w.org\/{rel}","templated":true}]}}