{"id":3926,"date":"2026-09-04T13:36:00","date_gmt":"2026-09-04T16:36:00","guid":{"rendered":"https:\/\/cooltv.cl\/?p=3926"},"modified":"2026-09-04T13:36:00","modified_gmt":"2026-09-04T16:36:00","slug":"alcalde-cristian-navarrete-y-concejo-municipal-exigen-respuestas-a-la-ministra-de-educacion-por-despido-de-manipuladoras-de-alimentos-en-paillaco","status":"publish","type":"post","link":"https:\/\/cooltv.cl\/?p=3926","title":{"rendered":"ALCALDE CRISTIAN NAVARRETE Y CONCEJO MUNICIPAL EXIGEN RESPUESTAS A LA MINISTRA DE EDUCACI\u00d3N POR DESPIDO DE MANIPULADORAS DE ALIMENTOS EN PAILLACO"},"content":{"rendered":"<p><i>La autoridades comunales manifestaron su preocupaci\u00f3n por la situaci\u00f3n que afecta a nueve trabajadoras y, junto a la totalidad del Concejo Municipal, solicit\u00f3 formalmente a JUNAEB y al Ministerio de Educaci\u00f3n fiscalizar a la empresa proveedora del Programa de Alimentaci\u00f3n Escolar (PAE)<\/i><\/p>\n<p>El alcalde de Paillaco, Cristian Navarrete Quezada, junto a la totalidad de las y los integrantes del Concejo Municipal, solicitaron formalmente respuestas y una fiscalizaci\u00f3n respecto de la situaci\u00f3n laboral que afecta a nueve manipuladoras de alimentos que prestaban funciones en establecimientos educacionales de la comuna, ocho de ellas desvinculadas recientemente y una durante abril de este a\u00f1o. La presentaci\u00f3n fue dirigida al Ministerio de Educaci\u00f3n, la Seremi de Educaci\u00f3n de Los R\u00edos y las direcciones nacional y regional de JUNAEB.<\/p>\n<p>La preocupaci\u00f3n de las autoridades comunales surge luego de conocerse que los despidos hab\u00edan sido efectuados invocando la causal de \u201cnecesidades de la empresa\u201d. A ello se suman antecedentes expuestos ante el Concejo respecto de una eventual contrataci\u00f3n de personal de reemplazo para desempe\u00f1ar las mismas funciones, situaci\u00f3n que el municipio considera necesario que sea esclarecida y fiscalizada por los organismos competentes.<\/p>\n<p>El alcalde Cristian Navarrete expres\u00f3 su preocupaci\u00f3n respecto a la situaci\u00f3n laboral de las manipuladoras de alimentos.<\/p>\n<p>\u201cEstamos hablando de nueve trabajadoras y detr\u00e1s de cada una de ellas hay familias que hoy viven una situaci\u00f3n de incertidumbre que nos preocupa profundamente. Por eso no queremos quedarnos solamente observando lo que est\u00e1 ocurriendo. Como autoridades comunales estamos solicitando que JUNAEB y el Ministerio de Educaci\u00f3n fiscalicen, entreguen respuestas y esclarezcan las circunstancias en que se produjeron estas desvinculaciones\u201d, se\u00f1al\u00f3 el jefe comunal.<\/p>\n<p>El jefe comunal agreg\u00f3 que \u201cquiero agradecer y destacar el respaldo un\u00e1nime del Concejo Municipal frente a esta situaci\u00f3n. Aqu\u00ed existe una preocupaci\u00f3n transversal por nuestras manipuladoras de alimentos y hemos actuado unidos para defender los intereses de trabajadoras de nuestra comuna. Lo que estamos pidiendo es algo muy concreto: que las instituciones competentes hagan su trabajo, revisen los antecedentes y nos entreguen respuestas a la brevedad\u201d.<\/p>\n<p>A trav\u00e9s del oficio, el alcalde y los concejales Jos\u00e9 Aravena, Orlando Castro, Ra\u00fal Cortez, Ruth Castillo, Fernando \u00c1lvarez y Fabiola Soto solicitaron espec\u00edficamente fiscalizar a la empresa proveedora del PAE, particularmente respecto de la causal utilizada para las desvinculaciones y su compatibilidad con una eventual contrataci\u00f3n de reemplazos. Asimismo, requirieron conocer las medidas administrativas o contractuales que JUNAEB y el Ministerio de Educaci\u00f3n adoptar\u00e1n o hayan adoptado respecto del proveedor y que dicha respuesta sea remitida a la brevedad al municipio.<\/p>\n","protected":false},"excerpt":{"rendered":"<p>La autoridades comunales manifestaron su preocupaci\u00f3n por la situaci\u00f3n que afecta a nueve trabajadoras y, junto a la totalidad del Concejo Municipal, solicit\u00f3 formalmente a JUNAEB y al Ministerio de Educaci\u00f3n fiscalizar a la empresa proveedora del Programa de Alimentaci\u00f3n Escolar (PAE) El alcalde de Paillaco, Cristian Navarrete Quezada, junto a la totalidad de las&#8230;<\/p>\n","protected":false},"author":2,"featured_media":3927,"comment_status":"open","ping_status":"closed","sticky":false,"template":"","format":"standard","meta":{"footnotes":""},"categories":[2],"tags":[],"class_list":["post-3926","post","type-post","status-publish","format-standard","has-post-thumbnail","hentry","category-cooltv-titulares"],"jetpack_featured_media_url":"https:\/\/cooltv.cl\/wp-content\/uploads\/2026\/09\/IMAGEN-REFERENCIAL-6.jpeg","_links":{"self":[{"href":"https:\/\/cooltv.cl\/index.php?rest_route=\/wp\/v2\/posts\/3926","targetHints":{"allow":["GET"]}}],"collection":[{"href":"https:\/\/cooltv.cl\/index.php?rest_route=\/wp\/v2\/posts"}],"about":[{"href":"https:\/\/cooltv.cl\/index.php?rest_route=\/wp\/v2\/types\/post"}],"author":[{"embeddable":true,"href":"https:\/\/cooltv.cl\/index.php?rest_route=\/wp\/v2\/users\/2"}],"replies":[{"embeddable":true,"href":"https:\/\/cooltv.cl\/index.php?rest_route=%2Fwp%2Fv2%2Fcomments&post=3926"}],"version-history":[{"count":1,"href":"https:\/\/cooltv.cl\/index.php?rest_route=\/wp\/v2\/posts\/3926\/revisions"}],"predecessor-version":[{"id":3928,"href":"https:\/\/cooltv.cl\/index.php?rest_route=\/wp\/v2\/posts\/3926\/revisions\/3928"}],"wp:featuredmedia":[{"embeddable":true,"href":"https:\/\/cooltv.cl\/index.php?rest_route=\/wp\/v2\/media\/3927"}],"wp:attachment":[{"href":"https:\/\/cooltv.cl\/index.php?rest_route=%2Fwp%2Fv2%2Fmedia&parent=3926"}],"wp:term":[{"taxonomy":"category","embeddable":true,"href":"https:\/\/cooltv.cl\/index.php?rest_route=%2Fwp%2Fv2%2Fcategories&post=3926"},{"taxonomy":"post_tag","embeddable":true,"href":"https:\/\/cooltv.cl\/index.php?rest_route=%2Fwp%2Fv2%2Ftags&post=3926"}],"curies":[{"name":"wp","href":"https:\/\/api.w.org\/{rel}","templated":true}]}}